{"id":3067,"date":"2025-06-21T19:39:30","date_gmt":"2025-06-21T19:39:30","guid":{"rendered":"https:\/\/bioetica.net\/?p=3067"},"modified":"2025-06-22T01:52:13","modified_gmt":"2025-06-22T01:52:13","slug":"brain-computer-voice-interface","status":"publish","type":"post","link":"https:\/\/bioetica.net\/en\/interfaz-cerebro-computadora-voz-ela\/","title":{"rendered":"Brain-computer interface: breakthrough or ethical dilemma?"},"content":{"rendered":"<!-- \ud83d\udfe9 DESCRIPCI\u00d3N BREVE -->\n\n<p><strong>\ud83c\udff7\ufe0f description:<\/strong> Un avance tecnol\u00f3gico ha permitido que una mujer con ELA vuelva a hablar y cantar mediante una interfaz cerebro-computadora. \u00bfQu\u00e9 dilemas \u00e9ticos plantea esta innovaci\u00f3n?<\/p>\n\n\n<!-- Espaciado visual -->\n\n<div style=\"height:26px\" aria-hidden=\"true\" class=\"wp-block-spacer\"><\/div>\n\n\n<!-- \ud83e\udde0 INTRODUCCI\u00d3N \/ PLANTEAMIENTO -->\n\n<p>\u00bfEs la tecnolog\u00eda capaz de devolver la voz a quienes la han perdido? Investigadores suizos han desarrollado una interfaz cerebro-computadora que permiti\u00f3 a una paciente con ELA (esclerosis lateral amiotr\u00f3fica) no solo hablar, sino tambi\u00e9n entonar y cantar nuevamente. Este hito cient\u00edfico abre nuevas esperanzas para personas con discapacidades neuromotoras graves, pero tambi\u00e9n plantea profundas preguntas bio\u00e9ticas sobre identidad, autonom\u00eda y los l\u00edmites entre lo humano y lo artificial.<\/p>\n\n\n<!-- Espaciado -->\n<div style=\"height:26px\" aria-hidden=\"true\" class=\"wp-block-spacer\"><\/div>\n\n<!-- \ud83d\udccc \u00bfDE QU\u00c9 SE TRATA ESTE TEMA? -->\n\n<h2 class=\"wp-block-heading\">\ud83d\udccc What is this topic about?<\/h2>\n\n\n\n<p>La protagonista de esta historia es una mujer con ELA, enfermedad que deteriora progresivamente las funciones motoras. Gracias a un implante cerebral conectado a una interfaz digital, logr\u00f3 comunicarse mediante una voz sint\u00e9tica que imitaba su tono original. El sistema incluso permiti\u00f3 reproducir fragmentos musicales. El avance fue desarrollado por el Hospital Universitario de Lausana y el Instituto Federal de Tecnolog\u00eda de Suiza (EPFL), usando inteligencia artificial para decodificar se\u00f1ales neuronales relacionadas al habla.<\/p>\n\n\n<!-- Espaciado -->\n\n<div style=\"height:37px\" aria-hidden=\"true\" class=\"wp-block-spacer\"><\/div>\n\n\n<!-- \ud83c\udf0e \u00bfPOR QU\u00c9 ES RELEVANTE PARA AM\u00c9RICA LATINA? -->\n\n<h2 class=\"wp-block-heading\">\ud83c\udf0e Why is it relevant for Latin America?<\/h2>\n\n\n\n<p>En Am\u00e9rica Latina, miles de personas viven con enfermedades neurodegenerativas y discapacidades del habla sin acceso a tecnolog\u00edas que podr\u00edan mejorar radicalmente su calidad de vida. Este caso impulsa una conversaci\u00f3n urgente sobre la equidad tecnol\u00f3gica, la inversi\u00f3n p\u00fablica en ciencia biom\u00e9dica y los marcos \u00e9ticos que deben guiar estas innovaciones. Tambi\u00e9n desaf\u00eda a nuestras iglesias y comunidades a discernir c\u00f3mo acompa\u00f1ar pastoralmente a quienes viven con estas condiciones.<\/p>\n\n\n<!-- Espaciado -->\n<div style=\"height:26px\" aria-hidden=\"true\" class=\"wp-block-spacer\"><\/div>\n\n<!-- \u2696\ufe0f IMPLICACIONES \u00c9TICAS -->\n\n<h2 class=\"wp-block-heading\">\u2696\ufe0f Ethical implications<\/h2>\n\n\n<!-- DIGNIDAD HUMANA -->\n\n<h3 class=\"wp-block-heading\">\ud83d\ude4d\u200d\u2640\ufe0f Human dignity<\/h3>\n\n\n<p>Desde una bio\u00e9tica cristiana, el valor de la persona no radica en su funcionalidad, sino en su ser creado a imagen de Dios. Aunque tecnolog\u00edas como esta puedan restaurar capacidades comunicativas, debemos resistir la tentaci\u00f3n de medir su valor \u00fanicamente por la eficiencia o la espectacularidad del avance. La persona con ELA no es m\u00e1s digna por recuperar su voz digitalmente; ya era plenamente digna en su silencio. La tecnolog\u00eda puede ser un gesto de justicia cuando se pone al servicio del otro, pero jam\u00e1s debe convertirse en criterio de humanidad.<\/p>\n\n\n<!-- Espaciado -->\n\n<div style=\"height:25px\" aria-hidden=\"true\" class=\"wp-block-spacer\"><\/div>\n\n\n<!-- JUSTICIA -->\n\n<h3 class=\"wp-block-heading\">\u2696\ufe0f Justicia y acceso<\/h3>\n\n\n<p>El acceso a tecnolog\u00edas restaurativas debe estar guiado por una \u00e9tica de solidaridad, no por l\u00f3gicas de mercado. Si estas interfaces solo est\u00e1n disponibles para unos pocos privilegiados, corremos el riesgo de acentuar nuevas formas de exclusi\u00f3n biotecnol\u00f3gica. Como se ha se\u00f1alado en otros espacios de reflexi\u00f3n, no basta con crear tecnolog\u00eda; es preciso crear instituciones, pol\u00edticas y comunidades capaces de garantizar que estas innovaciones no refuercen el abandono de los m\u00e1s vulnerables, sino que lo rediman.<\/p>\n\n\n<!-- Espaciado -->\n\n<div style=\"height:25px\" aria-hidden=\"true\" class=\"wp-block-spacer\"><\/div>\n\n\n<!-- RESPONSABILIDAD -->\n\n<h3 class=\"wp-block-heading\">\ud83e\uddd1\u200d\ud83d\udcbb Responsabilidad cient\u00edfica y comunitaria<\/h3>\n\n\n<p>El verdadero desaf\u00edo no est\u00e1 en si podemos, sino en si debemos. La implementaci\u00f3n de tecnolog\u00edas cerebro-computadora exige una vigilancia \u00e9tica que no se limite a regulaciones t\u00e9cnicas, sino que se nutra de una visi\u00f3n del ser humano encarnada, relacional y trascendente. Las comunidades cristianas tienen aqu\u00ed un rol prof\u00e9tico: no solo celebrar el avance, sino discernir su esp\u00edritu. \u00bfNos humaniza esta tecnolog\u00eda? \u00bfNos hace m\u00e1s capaces de amar, acompa\u00f1ar y escuchar? Si no, quiz\u00e1s estamos creando \u00eddolos, no herramientas.<\/p>\n\n\n<!-- Espaciado -->\n<div style=\"height:26px\" aria-hidden=\"true\" class=\"wp-block-spacer\"><\/div>\n\n<!-- \ud83e\udde0 PARA REFLEXIONAR -->\n\n<h2 class=\"wp-block-heading\">\ud83e\udde0 Para Reflexionar<\/h2>\n\n\n<p>La voz recuperada de esta paciente es un signo de esperanza. Pero tambi\u00e9n es un llamado a discernir con sabidur\u00eda los caminos que tomamos como humanidad. \u00bfQu\u00e9 tipo de restauraci\u00f3n anhelamos: la que reproduce una funci\u00f3n, o la que recupera sentido, relaci\u00f3n y comuni\u00f3n? Que la tecnolog\u00eda no reemplace nuestra humanidad, sino que la sirva.<\/p>\n\n\n<!-- Espaciado -->\n<div style=\"height:25px\" aria-hidden=\"true\" class=\"wp-block-spacer\"><\/div>\n\n<!-- \ud83d\udd17 ENLACE A LA FUENTE -->\n\n<p>\ud83d\udd17 <a href=\"https:\/\/www.biobiochile.cl\/noticias\/salud-y-bienestar\/tratamientos\/2025\/06\/19\/crean-nueva-interfaz-cerebro-computadora-que-permitio-a-paciente-con-ela-hablar-entonar-y-cantar.shtml\" target=\"_blank\" rel=\"noreferrer noopener\"><strong>Leer art\u00edculo fuente<\/strong><\/a><\/p>\n\n\n<!-- \ud83d\udcf2 LLAMADO A REDES -->\n\n<blockquote class=\"wp-block-quote is-layout-flow wp-block-quote-is-layout-flow\">\n<p>\ud83d\udcf2\u00a0<strong>Follow us on Facebook for more news and reflections on bioethics: <\/strong><a href=\"https:\/\/www.facebook.com\/bioeticanet\" target=\"_blank\" rel=\"noopener\">facebook.com\/bioeticanet<\/a><\/p>\n<\/blockquote>\n\n\n<!-- \ud83c\udff7\ufe0f ETIQUETAS -->\n\n<p><strong>\ud83c\udff7\ufe0f Tags:<\/strong> bio\u00e9tica, neurociencia, tecnolog\u00eda m\u00e9dica, discapacidad, ELA, comunicaci\u00f3n, dignidad humana<\/p>","protected":false},"excerpt":{"rendered":"<p>A technological breakthrough has allowed a woman with ALS to speak and sing again using a brain-computer interface. What ethical dilemmas does this innovation raise?<\/p>","protected":false},"author":1,"featured_media":3070,"comment_status":"open","ping_status":"open","sticky":false,"template":"","format":"standard","meta":{"_uag_custom_page_level_css":"","site-sidebar-layout":"default","site-content-layout":"","ast-site-content-layout":"default","site-content-style":"default","site-sidebar-style":"default","ast-global-header-display":"","ast-banner-title-visibility":"","ast-main-header-display":"","ast-hfb-above-header-display":"","ast-hfb-below-header-display":"","ast-hfb-mobile-header-display":"","site-post-title":"","ast-breadcrumbs-content":"","ast-featured-img":"","footer-sml-layout":"","ast-disable-related-posts":"","theme-transparent-header-meta":"","adv-header-id-meta":"","stick-header-meta":"","header-above-stick-meta":"","header-main-stick-meta":"","header-below-stick-meta":"","astra-migrate-meta-layouts":"set","ast-page-background-enabled":"default","ast-page-background-meta":{"desktop":{"background-color":"var(--ast-global-color-4)","background-image":"","background-repeat":"repeat","background-position":"center center","background-size":"auto","background-attachment":"scroll","background-type":"","background-media":"","overlay-type":"","overlay-color":"","overlay-opacity":"","overlay-gradient":""},"tablet":{"background-color":"","background-image":"","background-repeat":"repeat","background-position":"center center","background-size":"auto","background-attachment":"scroll","background-type":"","background-media":"","overlay-type":"","overlay-color":"","overlay-opacity":"","overlay-gradient":""},"mobile":{"background-color":"","background-image":"","background-repeat":"repeat","background-position":"center center","background-size":"auto","background-attachment":"scroll","background-type":"","background-media":"","overlay-type":"","overlay-color":"","overlay-opacity":"","overlay-gradient":""}},"ast-content-background-meta":{"desktop":{"background-color":"var(--ast-global-color-5)","background-image":"","background-repeat":"repeat","background-position":"center center","background-size":"auto","background-attachment":"scroll","background-type":"","background-media":"","overlay-type":"","overlay-color":"","overlay-opacity":"","overlay-gradient":""},"tablet":{"background-color":"var(--ast-global-color-5)","background-image":"","background-repeat":"repeat","background-position":"center center","background-size":"auto","background-attachment":"scroll","background-type":"","background-media":"","overlay-type":"","overlay-color":"","overlay-opacity":"","overlay-gradient":""},"mobile":{"background-color":"var(--ast-global-color-5)","background-image":"","background-repeat":"repeat","background-position":"center center","background-size":"auto","background-attachment":"scroll","background-type":"","background-media":"","overlay-type":"","overlay-color":"","overlay-opacity":"","overlay-gradient":""}},"_jetpack_memberships_contains_paid_content":false,"footnotes":"","jetpack_publicize_message":"","jetpack_publicize_feature_enabled":true,"jetpack_social_post_already_shared":true,"jetpack_social_options":{"image_generator_settings":{"template":"highway","default_image_id":0,"enabled":false},"version":2}},"categories":[13,17],"tags":[26,25,23],"class_list":["post-3067","post","type-post","status-publish","format-standard","has-post-thumbnail","hentry","category-tecnologia-y-humanidad","category--investigacion-clinica","tag-cerebro","tag-neuroetica","tag-tecnologia"],"jetpack_publicize_connections":[],"jetpack_featured_media_url":"https:\/\/i0.wp.com\/bioetica.net\/wp-content\/uploads\/2025\/06\/DB2344CC-5A88-4E88-B1DF-AB79DBC274F8.png?fit=1536%2C1024&ssl=1","uagb_featured_image_src":{"full":["https:\/\/i0.wp.com\/bioetica.net\/wp-content\/uploads\/2025\/06\/DB2344CC-5A88-4E88-B1DF-AB79DBC274F8.png?fit=1536%2C1024&ssl=1",1536,1024,false],"thumbnail":["https:\/\/i0.wp.com\/bioetica.net\/wp-content\/uploads\/2025\/06\/DB2344CC-5A88-4E88-B1DF-AB79DBC274F8.png?resize=150%2C150&ssl=1",150,150,true],"medium":["https:\/\/i0.wp.com\/bioetica.net\/wp-content\/uploads\/2025\/06\/DB2344CC-5A88-4E88-B1DF-AB79DBC274F8.png?fit=300%2C200&ssl=1",300,200,true],"medium_large":["https:\/\/i0.wp.com\/bioetica.net\/wp-content\/uploads\/2025\/06\/DB2344CC-5A88-4E88-B1DF-AB79DBC274F8.png?fit=768%2C512&ssl=1",768,512,true],"large":["https:\/\/i0.wp.com\/bioetica.net\/wp-content\/uploads\/2025\/06\/DB2344CC-5A88-4E88-B1DF-AB79DBC274F8.png?fit=1024%2C683&ssl=1",1024,683,true],"1536x1536":["https:\/\/i0.wp.com\/bioetica.net\/wp-content\/uploads\/2025\/06\/DB2344CC-5A88-4E88-B1DF-AB79DBC274F8.png?fit=1536%2C1024&ssl=1",1536,1024,true],"2048x2048":["https:\/\/i0.wp.com\/bioetica.net\/wp-content\/uploads\/2025\/06\/DB2344CC-5A88-4E88-B1DF-AB79DBC274F8.png?fit=1536%2C1024&ssl=1",1536,1024,true],"trp-custom-language-flag":["https:\/\/i0.wp.com\/bioetica.net\/wp-content\/uploads\/2025\/06\/DB2344CC-5A88-4E88-B1DF-AB79DBC274F8.png?fit=18%2C12&ssl=1",18,12,true],"woocommerce_thumbnail":["https:\/\/i0.wp.com\/bioetica.net\/wp-content\/uploads\/2025\/06\/DB2344CC-5A88-4E88-B1DF-AB79DBC274F8.png?resize=300%2C300&ssl=1",300,300,true],"woocommerce_single":["https:\/\/i0.wp.com\/bioetica.net\/wp-content\/uploads\/2025\/06\/DB2344CC-5A88-4E88-B1DF-AB79DBC274F8.png?fit=600%2C400&ssl=1",600,400,true],"woocommerce_gallery_thumbnail":["https:\/\/i0.wp.com\/bioetica.net\/wp-content\/uploads\/2025\/06\/DB2344CC-5A88-4E88-B1DF-AB79DBC274F8.png?resize=100%2C100&ssl=1",100,100,true]},"uagb_author_info":{"display_name":"Samuel Luis Caraballo","author_link":"https:\/\/bioetica.net\/en\/author\/caraballo-samuelgmail-com\/"},"uagb_comment_info":27,"uagb_excerpt":"Un avance tecnol\u00f3gico ha permitido que una mujer con ELA vuelva a hablar y cantar mediante una interfaz cerebro-computadora. \u00bfQu\u00e9 dilemas \u00e9ticos plantea esta innovaci\u00f3n? #bioeticanet #bioetica #humanidad","jetpack_sharing_enabled":true,"jetpack_likes_enabled":true,"_links":{"self":[{"href":"https:\/\/bioetica.net\/en\/wp-json\/wp\/v2\/posts\/3067","targetHints":{"allow":["GET"]}}],"collection":[{"href":"https:\/\/bioetica.net\/en\/wp-json\/wp\/v2\/posts"}],"about":[{"href":"https:\/\/bioetica.net\/en\/wp-json\/wp\/v2\/types\/post"}],"author":[{"embeddable":true,"href":"https:\/\/bioetica.net\/en\/wp-json\/wp\/v2\/users\/1"}],"replies":[{"embeddable":true,"href":"https:\/\/bioetica.net\/en\/wp-json\/wp\/v2\/comments?post=3067"}],"version-history":[{"count":5,"href":"https:\/\/bioetica.net\/en\/wp-json\/wp\/v2\/posts\/3067\/revisions"}],"predecessor-version":[{"id":3080,"href":"https:\/\/bioetica.net\/en\/wp-json\/wp\/v2\/posts\/3067\/revisions\/3080"}],"wp:featuredmedia":[{"embeddable":true,"href":"https:\/\/bioetica.net\/en\/wp-json\/wp\/v2\/media\/3070"}],"wp:attachment":[{"href":"https:\/\/bioetica.net\/en\/wp-json\/wp\/v2\/media?parent=3067"}],"wp:term":[{"taxonomy":"category","embeddable":true,"href":"https:\/\/bioetica.net\/en\/wp-json\/wp\/v2\/categories?post=3067"},{"taxonomy":"post_tag","embeddable":true,"href":"https:\/\/bioetica.net\/en\/wp-json\/wp\/v2\/tags?post=3067"}],"curies":[{"name":"wp","href":"https:\/\/api.w.org\/{rel}","templated":true}]}}