{"id":3107,"date":"2025-06-25T12:43:35","date_gmt":"2025-06-25T12:43:35","guid":{"rendered":"https:\/\/bioetica.net\/?p=3107"},"modified":"2025-06-25T12:43:37","modified_gmt":"2025-06-25T12:43:37","slug":"susana-end-of-life","status":"publish","type":"post","link":"https:\/\/bioetica.net\/en\/susana-final-de-la-vida\/","title":{"rendered":"The End of Life: The Complexity of the Susana Moreira Case"},"content":{"rendered":"<p><!-- \ud83d\udfe9 DESCRIPCI\u00d3N BREVE --><\/p>\n\n\n<p><strong>\ud83c\udff7\ufe0f description:<\/strong> El testimonio de Susana Moreira, una mujer con distrofia muscular avanzada en Chile, nos interpela sobre la dignidad, el sufrimiento y el papel de la comunidad cristiana ante el final de la vida. Un a\u00f1o clave para el proyecto que busca legalizar la eutanasia en ese pa\u00eds.<\/p>\n\n\n<p><!-- Espaciado visual --><\/p>\n\n\n<div style=\"height:26px\" aria-hidden=\"true\" class=\"wp-block-spacer\"><\/div>\n\n\n<p><!-- \ud83e\udde0 INTRODUCCI\u00d3N \/ PLANTEAMIENTO --><\/p>\n\n\n<p>\"<em>Mientras mi cuerpo me lo permita, quiero seguir viviendo<\/em>\u201d, dice Susana Moreira, chilena de 41 a\u00f1os, desde su cama, conectada a una m\u00e1quina BiPAP que la ayuda a respirar. Tiene distrofia muscular progresiva. Sus m\u00fasculos se debilitan, su voz se apaga, su autonom\u00eda se reduce cada d\u00eda. Pero su deseo de vivir sigue intacto. Lo que ella pide no es morir, sino poder elegir c\u00f3mo y cu\u00e1ndo detener un sufrimiento que pronto ser\u00e1 irreversible. <\/p>\n\n\n\n<div style=\"height:20px\" aria-hidden=\"true\" class=\"wp-block-spacer\"><\/div>\n\n\n\n<p>Este 2025 puede ser decisivo: el Congreso de Chile debe pronunciarse sobre un proyecto de ley que busca legalizar la eutanasia. Y los cristianos no podemos mirar hacia otro lado, sobre todo al considerar el final de la vida. <\/p>\n\n\n\n<div style=\"height:20px\" aria-hidden=\"true\" class=\"wp-block-spacer\"><\/div>\n\n\n\n<p>(<em>Learn more about our <a href=\"https:\/\/bioetica.net\/nuestra-mision\/\">mission<\/a><\/em>)<\/p>\n\n\n\n<div style=\"height:35px\" aria-hidden=\"true\" class=\"wp-block-spacer\"><\/div>\n\n\n<p><!-- \ud83d\udd4a\ufe0f CUERPO PRINCIPAL \/ AN\u00c1LISIS --><\/p>\n\n\n<h2 class=\"wp-block-heading\">\ud83d\udcac Una voz fr\u00e1gil, una convicci\u00f3n firme<\/h2>\n\n\n\n<p>Susana fue diagnosticada a los 12 a\u00f1os. Hoy vive postrada, con dificultades para tragar y respirar. Sabe que pronto perder\u00e1 la capacidad de hablar. Por eso grab\u00f3 un video: \u201c<em>No quiero que me dejen esperando. Quiero tener una herramienta, una ley, para cuando ya no pueda<\/em>\u201d. El video, publicado por la Fundaci\u00f3n Derecho a Morir Dignamente, se ha viralizado y ha puesto rostro humano a un debate que muchos prefieren evitar.<\/p>\n\n\n\n<div style=\"height:23px\" aria-hidden=\"true\" class=\"wp-block-spacer\"><\/div>\n\n\n\n<p>Es fundamental que entendamos que el final de la vida de cada individuo merece ser tratado con dignidad y respeto.<\/p>\n\n\n\n<div style=\"height:20px\" aria-hidden=\"true\" class=\"wp-block-spacer\"><\/div>\n\n\n\n<p>El proyecto de ley, aprobado por la C\u00e1mara de Diputados en 2021, sigue detenido en el Senado. El presidente Gabriel Boric ha dicho que espera avanzar este a\u00f1o. Seg\u00fan encuestas recientes, m\u00e1s del 85\u202f% de los chilenos apoya la eutanasia en casos de enfermedades terminales.<\/p>\n\n\n\n<div style=\"height:20px\" aria-hidden=\"true\" class=\"wp-block-spacer\"><\/div>\n\n\n\n<h2 class=\"wp-block-heading\">\u26ea \u00bfQu\u00e9 dice nuestra fe cuando ya no hay cura?<\/h2>\n\n\n\n<p>El dolor y el sufrimiento que enfrentan las personas en su final de la vida no deben ser ignorados ni minimizados. Las preguntas sobre el final de la vida son complejas y requieren de una respuesta compasiva y reflexiva.<\/p>\n\n\n\n<div style=\"height:20px\" aria-hidden=\"true\" class=\"wp-block-spacer\"><\/div>\n\n\n\n<p>Como seguidores de Jesucristo, creemos que toda vida tiene un valor incalculable. Pero tambi\u00e9n sabemos que el dolor no puede resolverse con frases hechas. Jes\u00fas no evit\u00f3 el sufrimiento humano: lo abraz\u00f3. Llor\u00f3 ante la muerte de su amigo L\u00e1zaro, san\u00f3 a los que pudo, y escuch\u00f3 a los que ya no ten\u00edan esperanza. Nuestra fe no es evasiva; es encarnada. No dice \u201caguanta en silencio\u201d, sino \u201cyo estoy contigo\u201d.<\/p>\n\n\n\n<div style=\"height:20px\" aria-hidden=\"true\" class=\"wp-block-spacer\"><\/div>\n\n\n\n<p>No se trata de justificar la eutanasia. Pero s\u00ed de entender el grito detr\u00e1s de ella. Cuando alguien como Susana dice \u201c<em>No quiero morir ma\u00f1ana. Pero no quiero ser esclava de una m\u00e1quina<\/em>\u201d, no est\u00e1 negando la vida, sino buscando una forma digna de atravesar la muerte. \u00bfQu\u00e9 le ofrecemos como comunidad cristiana? \u00bfQu\u00e9 alternativas concretas tienen quienes viven con dolor cr\u00f3nico o enfermedades terminales en Am\u00e9rica Latina?<\/p>\n\n\n\n<div style=\"height:20px\" aria-hidden=\"true\" class=\"wp-block-spacer\"><\/div>\n\n\n\n<p>La comunidad debe estar dispuesta a dialogar sobre el final de la vida y las opciones que tienen quienes enfrentan esta etapa.<\/p>\n\n\n\n<div style=\"height:20px\" aria-hidden=\"true\" class=\"wp-block-spacer\"><\/div>\n\n\n\n<h2 class=\"wp-block-heading\">\ud83e\udd1d El verdadero desaf\u00edo: estar presentes<\/h2>\n\n\n\n<p>Muchos evang\u00e9licos han reaccionado con rechazo frontal al proyecto de ley. Y aunque es v\u00e1lido preocuparse por la defensa de la vida, debemos preguntarnos: \u00bfqu\u00e9 hemos hecho para crear una cultura del cuidado al final de la vida? \u00bfD\u00f3nde est\u00e1n nuestras iglesias cuando las familias no tienen acceso a cuidados paliativos? \u00bfQu\u00e9 hemos hecho por las personas que mueren solas, en condiciones indignas, sinti\u00e9ndose una carga?<\/p>\n\n\n\n<div style=\"height:20px\" aria-hidden=\"true\" class=\"wp-block-spacer\"><\/div>\n\n\n\n<p>El cuidado y la atenci\u00f3n al final de la vida son imprescindibles para quienes sufren y buscan paz.<\/p>\n\n\n\n<p>Hacer frente al final de la vida con amor y comprensi\u00f3n es una responsabilidad de todos como comunidad.<\/p>\n\n\n\n<div style=\"height:20px\" aria-hidden=\"true\" class=\"wp-block-spacer\"><\/div>\n\n\n\n<p>Recordemos que cada final de la vida es \u00fanico y debe ser abordado con atenci\u00f3n y respeto.<\/p>\n\n\n\n<p>La compasi\u00f3n cristiana no es lo mismo que el consentimiento a todo. Pero tampoco es indiferencia. Tal vez no podamos aprobar la eutanasia, pero s\u00ed podemos aprobar m\u00e1s ternura, m\u00e1s acompa\u00f1amiento, m\u00e1s recursos y menos burocracia para quienes est\u00e1n llegando al final del camino. Porque lo contrario de la eutanasia no es el abandono: es la comunidad.<\/p>\n\n\n\n<div style=\"height:20px\" aria-hidden=\"true\" class=\"wp-block-spacer\"><\/div>\n\n\n<p><!-- \ud83d\udcd6 CIERRE TEOL\u00d3GICO \/ LLAMADO --><\/p>\n\n\n<p>Es nuestra misi\u00f3n como cristianos ofrecer apoyo y compa\u00f1\u00eda a aquellos que se encuentran en el final de la vida.<\/p>\n\n\n\n<div style=\"height:20px\" aria-hidden=\"true\" class=\"wp-block-spacer\"><\/div>\n\n\n\n<h2 class=\"wp-block-heading\">\ud83d\udcd6 Una oportunidad pastoral para nuestra generaci\u00f3n<\/h2>\n\n\n\n<p>El caso de Susana Moreira es m\u00e1s que una noticia. Es un espejo. Refleja cu\u00e1nto nos falta en nuestra cultura del cuidado, y cu\u00e1nto podemos hacer todav\u00eda como Iglesia. Tal vez el debate no se gane en el Senado, sino en nuestros corazones: en la manera en que decidimos mirar \u2014o ignorar\u2014 el sufrimiento ajeno.<\/p>\n\n\n\n<div style=\"height:20px\" aria-hidden=\"true\" class=\"wp-block-spacer\"><\/div>\n\n\n\n<p>Que Dios nos libre de usar la verdad como excusa para no amar. Y que nos conceda la gracia de ser comunidad para aquellos que, como Susana, ya no pueden m\u00e1s.<\/p>\n\n\n<p><!-- Espaciado visual --><\/p>\n\n\n<div style=\"height:32px\" aria-hidden=\"true\" class=\"wp-block-spacer\"><\/div>\n\n\n<p><!-- \ud83d\udcce FUENTE --><\/p>\n\n\n<p><strong>\ud83d\udcce Fuente:<\/strong> <a href=\"https:\/\/www.latimes.com\/espanol\/vida-y-estilo\/articulo\/2025-06-08\/mientras-mi-cuerpo-me-lo-permita-ano-clave-para-un-proyecto-que-legalice-la-eutanasia-en-chile\" target=\"_blank\" rel=\"noreferrer noopener\">Los Angeles Times en Espa\u00f1ol \u2013 \u201cMientras mi cuerpo me lo permita\u201d: a\u00f1o clave para legalizar la eutanasia en Chile (8 de junio de 2025)<\/a><\/p>","protected":false},"excerpt":{"rendered":"<p>A woman with advanced muscular dystrophy in Chile challenges us about dignity, suffering, and the role of the Christian community at the end of life.<\/p>","protected":false},"author":1,"featured_media":3111,"comment_status":"open","ping_status":"open","sticky":false,"template":"","format":"standard","meta":{"_uag_custom_page_level_css":"","site-sidebar-layout":"default","site-content-layout":"","ast-site-content-layout":"default","site-content-style":"default","site-sidebar-style":"default","ast-global-header-display":"","ast-banner-title-visibility":"","ast-main-header-display":"","ast-hfb-above-header-display":"","ast-hfb-below-header-display":"","ast-hfb-mobile-header-display":"","site-post-title":"","ast-breadcrumbs-content":"","ast-featured-img":"","footer-sml-layout":"","ast-disable-related-posts":"","theme-transparent-header-meta":"","adv-header-id-meta":"","stick-header-meta":"","header-above-stick-meta":"","header-main-stick-meta":"","header-below-stick-meta":"","astra-migrate-meta-layouts":"set","ast-page-background-enabled":"default","ast-page-background-meta":{"desktop":{"background-color":"var(--ast-global-color-4)","background-image":"","background-repeat":"repeat","background-position":"center center","background-size":"auto","background-attachment":"scroll","background-type":"","background-media":"","overlay-type":"","overlay-color":"","overlay-opacity":"","overlay-gradient":""},"tablet":{"background-color":"","background-image":"","background-repeat":"repeat","background-position":"center center","background-size":"auto","background-attachment":"scroll","background-type":"","background-media":"","overlay-type":"","overlay-color":"","overlay-opacity":"","overlay-gradient":""},"mobile":{"background-color":"","background-image":"","background-repeat":"repeat","background-position":"center center","background-size":"auto","background-attachment":"scroll","background-type":"","background-media":"","overlay-type":"","overlay-color":"","overlay-opacity":"","overlay-gradient":""}},"ast-content-background-meta":{"desktop":{"background-color":"var(--ast-global-color-5)","background-image":"","background-repeat":"repeat","background-position":"center center","background-size":"auto","background-attachment":"scroll","background-type":"","background-media":"","overlay-type":"","overlay-color":"","overlay-opacity":"","overlay-gradient":""},"tablet":{"background-color":"var(--ast-global-color-5)","background-image":"","background-repeat":"repeat","background-position":"center center","background-size":"auto","background-attachment":"scroll","background-type":"","background-media":"","overlay-type":"","overlay-color":"","overlay-opacity":"","overlay-gradient":""},"mobile":{"background-color":"var(--ast-global-color-5)","background-image":"","background-repeat":"repeat","background-position":"center center","background-size":"auto","background-attachment":"scroll","background-type":"","background-media":"","overlay-type":"","overlay-color":"","overlay-opacity":"","overlay-gradient":""}},"_jetpack_memberships_contains_paid_content":false,"footnotes":"","jetpack_publicize_message":"El caso de Susana Moreira, una mujer con distrofia muscular avanzada en Chile, nos interpela sobre la dignidad, el sufrimiento y el papel de la comunidad cristiana ante el final de la vida. Un a\u00f1o clave para el proyecto que busca legalizar la eutanasia en ese pa\u00eds. #bioetica #eutanasia #vida #muerte #bioticanet ","jetpack_publicize_feature_enabled":true,"jetpack_social_post_already_shared":false,"jetpack_social_options":{"image_generator_settings":{"template":"highway","default_image_id":0,"enabled":false},"version":2}},"categories":[12,24],"tags":[30,31],"class_list":["post-3107","post","type-post","status-publish","format-standard","has-post-thumbnail","hentry","category-final-de-la-vida","category-bioetica-teologica","tag-eutanasia","tag-final-de-la-vida"],"jetpack_publicize_connections":[],"jetpack_featured_media_url":"https:\/\/i0.wp.com\/bioetica.net\/wp-content\/uploads\/2025\/06\/5267FFAD-CFA4-4360-AB3A-CC0BB35D5ECC.png?fit=1536%2C1024&ssl=1","uagb_featured_image_src":{"full":["https:\/\/i0.wp.com\/bioetica.net\/wp-content\/uploads\/2025\/06\/5267FFAD-CFA4-4360-AB3A-CC0BB35D5ECC.png?fit=1536%2C1024&ssl=1",1536,1024,false],"thumbnail":["https:\/\/i0.wp.com\/bioetica.net\/wp-content\/uploads\/2025\/06\/5267FFAD-CFA4-4360-AB3A-CC0BB35D5ECC.png?resize=150%2C150&ssl=1",150,150,true],"medium":["https:\/\/i0.wp.com\/bioetica.net\/wp-content\/uploads\/2025\/06\/5267FFAD-CFA4-4360-AB3A-CC0BB35D5ECC.png?fit=300%2C200&ssl=1",300,200,true],"medium_large":["https:\/\/i0.wp.com\/bioetica.net\/wp-content\/uploads\/2025\/06\/5267FFAD-CFA4-4360-AB3A-CC0BB35D5ECC.png?fit=768%2C512&ssl=1",768,512,true],"large":["https:\/\/i0.wp.com\/bioetica.net\/wp-content\/uploads\/2025\/06\/5267FFAD-CFA4-4360-AB3A-CC0BB35D5ECC.png?fit=1024%2C683&ssl=1",1024,683,true],"1536x1536":["https:\/\/i0.wp.com\/bioetica.net\/wp-content\/uploads\/2025\/06\/5267FFAD-CFA4-4360-AB3A-CC0BB35D5ECC.png?fit=1536%2C1024&ssl=1",1536,1024,true],"2048x2048":["https:\/\/i0.wp.com\/bioetica.net\/wp-content\/uploads\/2025\/06\/5267FFAD-CFA4-4360-AB3A-CC0BB35D5ECC.png?fit=1536%2C1024&ssl=1",1536,1024,true],"trp-custom-language-flag":["https:\/\/i0.wp.com\/bioetica.net\/wp-content\/uploads\/2025\/06\/5267FFAD-CFA4-4360-AB3A-CC0BB35D5ECC.png?fit=18%2C12&ssl=1",18,12,true],"woocommerce_thumbnail":["https:\/\/i0.wp.com\/bioetica.net\/wp-content\/uploads\/2025\/06\/5267FFAD-CFA4-4360-AB3A-CC0BB35D5ECC.png?resize=300%2C300&ssl=1",300,300,true],"woocommerce_single":["https:\/\/i0.wp.com\/bioetica.net\/wp-content\/uploads\/2025\/06\/5267FFAD-CFA4-4360-AB3A-CC0BB35D5ECC.png?fit=600%2C400&ssl=1",600,400,true],"woocommerce_gallery_thumbnail":["https:\/\/i0.wp.com\/bioetica.net\/wp-content\/uploads\/2025\/06\/5267FFAD-CFA4-4360-AB3A-CC0BB35D5ECC.png?resize=100%2C100&ssl=1",100,100,true]},"uagb_author_info":{"display_name":"Samuel Luis Caraballo","author_link":"https:\/\/bioetica.net\/en\/author\/caraballo-samuelgmail-com\/"},"uagb_comment_info":21,"uagb_excerpt":"Mujer con distrofia muscular avanzada en Chile, nos interpela sobre la dignidad, el sufrimiento y el papel de la comunidad cristiana ante el final de la vida.","jetpack_sharing_enabled":true,"jetpack_likes_enabled":true,"_links":{"self":[{"href":"https:\/\/bioetica.net\/en\/wp-json\/wp\/v2\/posts\/3107","targetHints":{"allow":["GET"]}}],"collection":[{"href":"https:\/\/bioetica.net\/en\/wp-json\/wp\/v2\/posts"}],"about":[{"href":"https:\/\/bioetica.net\/en\/wp-json\/wp\/v2\/types\/post"}],"author":[{"embeddable":true,"href":"https:\/\/bioetica.net\/en\/wp-json\/wp\/v2\/users\/1"}],"replies":[{"embeddable":true,"href":"https:\/\/bioetica.net\/en\/wp-json\/wp\/v2\/comments?post=3107"}],"version-history":[{"count":7,"href":"https:\/\/bioetica.net\/en\/wp-json\/wp\/v2\/posts\/3107\/revisions"}],"predecessor-version":[{"id":3115,"href":"https:\/\/bioetica.net\/en\/wp-json\/wp\/v2\/posts\/3107\/revisions\/3115"}],"wp:featuredmedia":[{"embeddable":true,"href":"https:\/\/bioetica.net\/en\/wp-json\/wp\/v2\/media\/3111"}],"wp:attachment":[{"href":"https:\/\/bioetica.net\/en\/wp-json\/wp\/v2\/media?parent=3107"}],"wp:term":[{"taxonomy":"category","embeddable":true,"href":"https:\/\/bioetica.net\/en\/wp-json\/wp\/v2\/categories?post=3107"},{"taxonomy":"post_tag","embeddable":true,"href":"https:\/\/bioetica.net\/en\/wp-json\/wp\/v2\/tags?post=3107"}],"curies":[{"name":"wp","href":"https:\/\/api.w.org\/{rel}","templated":true}]}}