{"id":3117,"date":"2025-06-26T04:05:00","date_gmt":"2025-06-26T04:05:00","guid":{"rendered":"https:\/\/bioetica.net\/?p=3117"},"modified":"2025-06-26T11:32:19","modified_gmt":"2025-06-26T11:32:19","slug":"https-bioetica-net-modelo-bioetica-ambiental-america-latina","status":"publish","type":"post","link":"https:\/\/bioetica.net\/en\/inteligencia-artificial-bioetica-mexico-medico\/","title":{"rendered":"Can AI replace the doctor? Bioethical dilemmas and Christian faith"},"content":{"rendered":"<p><!-- \ud83d\udfe9 DESCRIPCI\u00d3N BREVE --><\/p>\n\n\n<p><strong>\ud83c\udff7\ufe0f description:<\/strong> En el Congreso CAMIS 2025 en M\u00e9xico, bioeticistas debatieron sobre los desaf\u00edos \u00e9ticos de la inteligencia artificial en el desempe\u00f1o m\u00e9dico. Esta entrada propone una reflexi\u00f3n cristiana sobre dignidad, justicia y compasi\u00f3n en la era digital.<\/p>\n\n\n<p><!-- Espaciado visual --><\/p>\n\n\n<div style=\"height:26px\" aria-hidden=\"true\" class=\"wp-block-spacer\"><\/div>\n\n\n<p><!-- \ud83e\udde0 INTRODUCCI\u00d3N \/ PLANTEAMIENTO --><\/p>\n\n\n<p>\u00bfPuede un algoritmo, una IA, decidir por m\u00ed cuando estoy vulnerable? \u00bfPuede la IA reemplazar la presencia humana de un m\u00e9dico que ora conmigo, que me escucha, que me mira con compasi\u00f3n? Estas preguntas no son ciencia ficci\u00f3n. Son parte de los dilemas bio\u00e9ticos que se discutieron en el Congreso CAMIS 2025, celebrado en la Universidad An\u00e1huac Mayab (M\u00e9xico) este pasado febrero. La Dra. Mar\u00eda Elizabeth de los R\u00edos, reconocida bioeticista latinoamericana, alert\u00f3: \u201c<em>la inteligencia artificial debe complementar, no sustituir, la interacci\u00f3n humana en salud<\/em>\u201d. Como cristianos, necesitamos entrar en esta conversaci\u00f3n, no como t\u00e9cnicos, sino como guardianes de la dignidad humana.<\/p>\n\n\n\n<div style=\"height:24px\" aria-hidden=\"true\" class=\"wp-block-spacer\"><\/div>\n\n\n<p><!-- \ud83e\udde0 AN\u00c1LISIS --><\/p>\n\n\n<h2 class=\"wp-block-heading\">\ud83d\udc69\u200d\u2695\ufe0f La importancia del M\u00e9dico en la era digital<\/h2>\n\n\n\n<p>La inteligencia artificial ya est\u00e1 presente en hospitales: en diagn\u00f3sticos por imagen, en sistemas de triaje automatizado, en la administraci\u00f3n de medicamentos, incluso en salud mental. Pero con su eficiencia, llegan tambi\u00e9n riesgos serios:<\/p>\n\n\n\n<div style=\"height:24px\" aria-hidden=\"true\" class=\"wp-block-spacer\"><\/div>\n\n\n\n<p>La IA, que ha revolucionado muchos campos, tambi\u00e9n est\u00e1 presente en hospitales: en diagn\u00f3sticos por imagen, en sistemas de triaje automatizado, en la administraci\u00f3n de medicamentos, incluso en salud mental. Pero con su eficiencia, llegan tambi\u00e9n riesgos serios:<\/p>\n\n\n\n<div style=\"height:24px\" aria-hidden=\"true\" class=\"wp-block-spacer\"><\/div>\n\n\n\n<ul class=\"wp-block-list\">\n<li><strong>Sesgos algor\u00edtmicos:<\/strong> si los datos est\u00e1n sesgados, los diagn\u00f3sticos y decisiones tambi\u00e9n lo estar\u00e1n. Esto puede aumentar la desigualdad, especialmente en comunidades marginadas.<\/li>\n\n\n\n<li><strong>Deshumanizaci\u00f3n:<\/strong> el paciente puede sentirse reducido a datos, perdiendo el trato cercano y personal que humaniza el proceso de sanaci\u00f3n.<\/li>\n\n\n\n<li><strong>Falta de responsabilidad:<\/strong> \u00bfqui\u00e9n responde si la IA se equivoca? \u00bfEl programador, el hospital, el sistema?<\/li>\n<\/ul>\n\n\n\n<p>Estos desaf\u00edos no son menores. Requieren discernimiento \u00e9tico, marcos legales claros, pero tambi\u00e9n \u2014y sobre todo\u2014 una visi\u00f3n teol\u00f3gica robusta.<\/p>\n\n\n\n<div style=\"height:24px\" aria-hidden=\"true\" class=\"wp-block-spacer\"><\/div>\n\n\n<p><!-- \u26ea REFLEXI\u00d3N CRISTIANA --><\/p>\n\n\n<p>(Conoce m\u00e1s acerca de nuestra <a href=\"https:\/\/bioetica.net\/nuestra-mision\/\" data-type=\"link\" data-id=\"https:\/\/bioetica.net\/nuestra-mision\/\">mission<\/a>)<\/p>\n\n\n\n<div style=\"height:24px\" aria-hidden=\"true\" class=\"wp-block-spacer\"><\/div>\n\n\n\n<div style=\"height:24px\" aria-hidden=\"true\" class=\"wp-block-spacer\"><\/div>\n\n\n\n<h2 class=\"wp-block-heading\">\u26ea Dignidad humana en tiempos de algoritmos<\/h2>\n\n\n\n<p>Desde una \u00e9tica cristiana protestante, afirmamos que cada persona es creada a imagen de Dios (<a href=\"https:\/\/www.biblegateway.com\/passage\/?search=G\u00e9nesis%201%3A27&amp;version=RVR1960\" data-type=\"link\" data-id=\"https:\/\/www.biblegateway.com\/passage\/?search=G\u00e9nesis%201%3A27&amp;version=RVR1960\" target=\"_blank\" rel=\"noopener\">Genesis 1:27<\/a>), y por tanto, tiene una dignidad que ning\u00fan sistema automatizado puede capturar plenamente. La compasi\u00f3n, el discernimiento moral, la oraci\u00f3n, el acompa\u00f1amiento \u2014ninguna de estas cosas puede ser programada.<\/p>\n\n\n\n<div style=\"height:24px\" aria-hidden=\"true\" class=\"wp-block-spacer\"><\/div>\n\n\n\n<p>No se trata de demonizar la tecnolog\u00eda, sino de afirmar su rol de herramienta falible. La IA no es el enemigo. Pero tampoco es neutral. Si no se forma dentro de un marco de justicia, compasi\u00f3n y responsabilidad, puede terminar sirviendo a los m\u00e1s fuertes y excluyendo a los m\u00e1s vulnerables.<\/p>\n\n\n\n<div style=\"height:24px\" aria-hidden=\"true\" class=\"wp-block-spacer\"><\/div>\n\n\n<p><!-- \ud83e\udd1d LLAMADO A LA IGLESIA --><\/p>\n\n\n<h2 class=\"wp-block-heading\">\ud83e\udd1d Una oportunidad para la Iglesia<\/h2>\n\n\n\n<p>La Iglesia tiene una voz prof\u00e9tica que debe ser escuchada en este debate. Podemos contribuir:<\/p>\n\n\n\n<div style=\"height:24px\" aria-hidden=\"true\" class=\"wp-block-spacer\"><\/div>\n\n\n\n<ul class=\"wp-block-list\">\n<li>Exigiendo que la IA se use con transparencia, equidad y supervisi\u00f3n humana.<\/li>\n\n\n\n<li>Defendiendo el trato humano en hospitales, a\u00fan en entornos altamente digitalizados.<\/li>\n\n\n\n<li>Educando a nuestras comunidades para que comprendan estos desaf\u00edos \u00e9ticos con sabidur\u00eda espiritual y responsabilidad social.<\/li>\n<\/ul>\n\n\n\n<p>Los pastores, te\u00f3logos, educadores y profesionales de salud cristianos est\u00e1n llamados a discernir estos tiempos, no desde el miedo, sino desde la fe informada y la misericordia pr\u00e1ctica.<\/p>\n\n\n\n<div style=\"height:24px\" aria-hidden=\"true\" class=\"wp-block-spacer\"><\/div>\n\n\n<p><!-- \ud83d\udcd6 CONCLUSI\u00d3N --><\/p>\n\n\n<p>La IA debe ser utilizada con cuidado y consideraci\u00f3n \u00e9tica, evitando su uso irresponsable que pueda llevar a consecuencias negativas.<\/p>\n\n\n\n<div style=\"height:24px\" aria-hidden=\"true\" class=\"wp-block-spacer\"><\/div>\n\n\n\n<h2 class=\"wp-block-heading\">\ud83d\udcd6 No perdamos el rostro humano en la medicina<\/h2>\n\n\n\n<p>La interacci\u00f3n humana sigue siendo fundamental incluso en un mundo donde la IA est\u00e1 tomando un rol m\u00e1s prominente.<\/p>\n\n\n\n<div style=\"height:24px\" aria-hidden=\"true\" class=\"wp-block-spacer\"><\/div>\n\n\n\n<p>A pesar de su avance en todas las esferas de la vida, no debemos que la inteligencia artificial nos robe aquello que hace del cuidado m\u00e9dico <strong>una vocaci\u00f3n sagrada<\/strong>: el rostro, la voz, la compasi\u00f3n. Si alguna vez un algoritmo toma una decisi\u00f3n sobre nosotros, que lo haga dentro de un sistema guiado por principios humanos y cristianos: la verdad, la justicia y la misericordia.<\/p>\n\n\n\n<div style=\"height:24px\" aria-hidden=\"true\" class=\"wp-block-spacer\"><\/div>\n\n\n\n<p>Como dice Miqueas 6:8: \u201c<em>Hombre, \u00e9l te ha declarado lo que es bueno: hacer justicia, amar misericordia y humillarte ante tu Dios<\/em>\u201d. Eso incluye tambi\u00e9n nuestras decisiones tecnol\u00f3gicas.<\/p>\n\n\n\n<div style=\"height:26px\" aria-hidden=\"true\" class=\"wp-block-spacer\"><\/div>\n\n\n<p><!-- Espaciado visual --><\/p>\n\n\n<p><\/p>\n\n\n\n<div style=\"height:32px\" aria-hidden=\"true\" class=\"wp-block-spacer\"><\/div>\n\n\n<p><!-- \ud83d\udcce FUENTE --><\/p>\n\n\n<p><strong>\ud83d\udcce Fuente:<\/strong> <a href=\"https:\/\/www.anahuac.mx\/mexico\/EscuelasyFacultades\/bioetica\/noticias\/analizamos-dilemas-bioeticos-de-ia-congreso-camis-2025?utm_source=chatgpt.com\" data-type=\"link\" data-id=\"https:\/\/www.anahuac.mx\/mexico\/EscuelasyFacultades\/bioetica\/noticias\/analizamos-dilemas-bioeticos-de-ia-congreso-camis-2025?utm_source=chatgpt.com\" target=\"_blank\" rel=\"noopener\">Congreso CAMIS 2025<\/a> \u2013 Universidad An\u00e1huac Mayab. Declaraciones de la Dra. Mar\u00eda Elizabeth de los R\u00edos. Resumen publicado por Revista Medicina y \u00c9tica (febrero 2025).<\/p>\n\n\n\n<p><\/p>","protected":false},"excerpt":{"rendered":"<p>At the CAMIS 2025 Congress in Mexico, bioethicists debated the ethical challenges of artificial intelligence in medical practice. <\/p>","protected":false},"author":1,"featured_media":3125,"comment_status":"open","ping_status":"open","sticky":false,"template":"","format":"standard","meta":{"_uag_custom_page_level_css":"","site-sidebar-layout":"default","site-content-layout":"","ast-site-content-layout":"default","site-content-style":"default","site-sidebar-style":"default","ast-global-header-display":"","ast-banner-title-visibility":"","ast-main-header-display":"","ast-hfb-above-header-display":"","ast-hfb-below-header-display":"","ast-hfb-mobile-header-display":"","site-post-title":"","ast-breadcrumbs-content":"","ast-featured-img":"","footer-sml-layout":"","ast-disable-related-posts":"","theme-transparent-header-meta":"","adv-header-id-meta":"","stick-header-meta":"","header-above-stick-meta":"","header-main-stick-meta":"","header-below-stick-meta":"","astra-migrate-meta-layouts":"set","ast-page-background-enabled":"default","ast-page-background-meta":{"desktop":{"background-color":"var(--ast-global-color-4)","background-image":"","background-repeat":"repeat","background-position":"center center","background-size":"auto","background-attachment":"scroll","background-type":"","background-media":"","overlay-type":"","overlay-color":"","overlay-opacity":"","overlay-gradient":""},"tablet":{"background-color":"","background-image":"","background-repeat":"repeat","background-position":"center center","background-size":"auto","background-attachment":"scroll","background-type":"","background-media":"","overlay-type":"","overlay-color":"","overlay-opacity":"","overlay-gradient":""},"mobile":{"background-color":"","background-image":"","background-repeat":"repeat","background-position":"center center","background-size":"auto","background-attachment":"scroll","background-type":"","background-media":"","overlay-type":"","overlay-color":"","overlay-opacity":"","overlay-gradient":""}},"ast-content-background-meta":{"desktop":{"background-color":"var(--ast-global-color-5)","background-image":"","background-repeat":"repeat","background-position":"center center","background-size":"auto","background-attachment":"scroll","background-type":"","background-media":"","overlay-type":"","overlay-color":"","overlay-opacity":"","overlay-gradient":""},"tablet":{"background-color":"var(--ast-global-color-5)","background-image":"","background-repeat":"repeat","background-position":"center center","background-size":"auto","background-attachment":"scroll","background-type":"","background-media":"","overlay-type":"","overlay-color":"","overlay-opacity":"","overlay-gradient":""},"mobile":{"background-color":"var(--ast-global-color-5)","background-image":"","background-repeat":"repeat","background-position":"center center","background-size":"auto","background-attachment":"scroll","background-type":"","background-media":"","overlay-type":"","overlay-color":"","overlay-opacity":"","overlay-gradient":""}},"_jetpack_memberships_contains_paid_content":false,"footnotes":"","jetpack_publicize_message":"\ud83e\udde0\ud83d\udca1 La inteligencia artificial ya est\u00e1 en nuestros hospitales.\nPero\u2026 \u00bfqu\u00e9 pasa con la dignidad humana, la compasi\u00f3n y el juicio moral?\n\nNueva entrada en Bioetica.net basada en el Congreso CAMIS 2025:\n\ud83d\udc49 \u00bfPuede la IA reemplazar al m\u00e9dico?\n\ud83d\udc49 \u00bfQu\u00e9 dice nuestra fe cristiana sobre esto? #BioeticaCristiana #IAenSalud #JusticiaYFe #Compasi\u00f3nDigital #CAMIS2025","jetpack_publicize_feature_enabled":true,"jetpack_social_post_already_shared":true,"jetpack_social_options":{"image_generator_settings":{"template":"highway","default_image_id":0,"enabled":false},"version":2}},"categories":[13,24],"tags":[],"class_list":["post-3117","post","type-post","status-publish","format-standard","has-post-thumbnail","hentry","category-tecnologia-y-humanidad","category-bioetica-teologica"],"jetpack_publicize_connections":[],"jetpack_featured_media_url":"https:\/\/i0.wp.com\/bioetica.net\/wp-content\/uploads\/2025\/06\/ACEFFE33-4585-4434-8982-D5476CE00E6B.png?fit=1536%2C1024&ssl=1","uagb_featured_image_src":{"full":["https:\/\/i0.wp.com\/bioetica.net\/wp-content\/uploads\/2025\/06\/ACEFFE33-4585-4434-8982-D5476CE00E6B.png?fit=1536%2C1024&ssl=1",1536,1024,false],"thumbnail":["https:\/\/i0.wp.com\/bioetica.net\/wp-content\/uploads\/2025\/06\/ACEFFE33-4585-4434-8982-D5476CE00E6B.png?resize=150%2C150&ssl=1",150,150,true],"medium":["https:\/\/i0.wp.com\/bioetica.net\/wp-content\/uploads\/2025\/06\/ACEFFE33-4585-4434-8982-D5476CE00E6B.png?fit=300%2C200&ssl=1",300,200,true],"medium_large":["https:\/\/i0.wp.com\/bioetica.net\/wp-content\/uploads\/2025\/06\/ACEFFE33-4585-4434-8982-D5476CE00E6B.png?fit=768%2C512&ssl=1",768,512,true],"large":["https:\/\/i0.wp.com\/bioetica.net\/wp-content\/uploads\/2025\/06\/ACEFFE33-4585-4434-8982-D5476CE00E6B.png?fit=1024%2C683&ssl=1",1024,683,true],"1536x1536":["https:\/\/i0.wp.com\/bioetica.net\/wp-content\/uploads\/2025\/06\/ACEFFE33-4585-4434-8982-D5476CE00E6B.png?fit=1536%2C1024&ssl=1",1536,1024,true],"2048x2048":["https:\/\/i0.wp.com\/bioetica.net\/wp-content\/uploads\/2025\/06\/ACEFFE33-4585-4434-8982-D5476CE00E6B.png?fit=1536%2C1024&ssl=1",1536,1024,true],"trp-custom-language-flag":["https:\/\/i0.wp.com\/bioetica.net\/wp-content\/uploads\/2025\/06\/ACEFFE33-4585-4434-8982-D5476CE00E6B.png?fit=18%2C12&ssl=1",18,12,true],"woocommerce_thumbnail":["https:\/\/i0.wp.com\/bioetica.net\/wp-content\/uploads\/2025\/06\/ACEFFE33-4585-4434-8982-D5476CE00E6B.png?resize=300%2C300&ssl=1",300,300,true],"woocommerce_single":["https:\/\/i0.wp.com\/bioetica.net\/wp-content\/uploads\/2025\/06\/ACEFFE33-4585-4434-8982-D5476CE00E6B.png?fit=600%2C400&ssl=1",600,400,true],"woocommerce_gallery_thumbnail":["https:\/\/i0.wp.com\/bioetica.net\/wp-content\/uploads\/2025\/06\/ACEFFE33-4585-4434-8982-D5476CE00E6B.png?resize=100%2C100&ssl=1",100,100,true]},"uagb_author_info":{"display_name":"Samuel Luis Caraballo","author_link":"https:\/\/bioetica.net\/en\/author\/caraballo-samuelgmail-com\/"},"uagb_comment_info":19,"uagb_excerpt":"En el Congreso CAMIS 2025 en M\u00e9xico, bioeticistas debatieron sobre los desaf\u00edos \u00e9ticos de la inteligencia artificial en el desempe\u00f1o m\u00e9dico.","jetpack_sharing_enabled":true,"jetpack_likes_enabled":true,"_links":{"self":[{"href":"https:\/\/bioetica.net\/en\/wp-json\/wp\/v2\/posts\/3117","targetHints":{"allow":["GET"]}}],"collection":[{"href":"https:\/\/bioetica.net\/en\/wp-json\/wp\/v2\/posts"}],"about":[{"href":"https:\/\/bioetica.net\/en\/wp-json\/wp\/v2\/types\/post"}],"author":[{"embeddable":true,"href":"https:\/\/bioetica.net\/en\/wp-json\/wp\/v2\/users\/1"}],"replies":[{"embeddable":true,"href":"https:\/\/bioetica.net\/en\/wp-json\/wp\/v2\/comments?post=3117"}],"version-history":[{"count":11,"href":"https:\/\/bioetica.net\/en\/wp-json\/wp\/v2\/posts\/3117\/revisions"}],"predecessor-version":[{"id":3129,"href":"https:\/\/bioetica.net\/en\/wp-json\/wp\/v2\/posts\/3117\/revisions\/3129"}],"wp:featuredmedia":[{"embeddable":true,"href":"https:\/\/bioetica.net\/en\/wp-json\/wp\/v2\/media\/3125"}],"wp:attachment":[{"href":"https:\/\/bioetica.net\/en\/wp-json\/wp\/v2\/media?parent=3117"}],"wp:term":[{"taxonomy":"category","embeddable":true,"href":"https:\/\/bioetica.net\/en\/wp-json\/wp\/v2\/categories?post=3117"},{"taxonomy":"post_tag","embeddable":true,"href":"https:\/\/bioetica.net\/en\/wp-json\/wp\/v2\/tags?post=3117"}],"curies":[{"name":"wp","href":"https:\/\/api.w.org\/{rel}","templated":true}]}}