{"id":3138,"date":"2025-06-29T03:24:57","date_gmt":"2025-06-29T03:24:57","guid":{"rendered":"https:\/\/bioetica.net\/?p=3138"},"modified":"2025-06-29T03:25:00","modified_gmt":"2025-06-29T03:25:00","slug":"podcast-episode-1-what-is-bioethics","status":"publish","type":"post","link":"https:\/\/bioetica.net\/en\/podcast-episodio-1-que-es-la-bioetica\/","title":{"rendered":"\ud83c\udf99\ufe0f Episode 1: What Is Bioethics and Why Does It Matter to Your Faith?"},"content":{"rendered":"<iframe style=\"border-radius:12px\" src=\"https:\/\/open.spotify.com\/embed\/episode\/5MraJ4bJMia6aWmNSYyOqo?utm_source=generator\" width=\"100%\" height=\"152\" frameborder=\"0\" allowfullscreen=\"\" allow=\"autoplay; clipboard-write; encrypted-media; fullscreen; picture-in-picture\" loading=\"lazy\"><\/iframe>\n\n\n\n<div style=\"height:32px\" aria-hidden=\"true\" class=\"wp-block-spacer\"><\/div>\n\n\n\n<p>En el episodio 1 del podcast&nbsp;de <strong>Bioethics.life<\/strong>, nos preguntamos: \u00bfQu\u00e9 es la bio\u00e9tica? \u00bfY por qu\u00e9 deber\u00eda importarte como creyente? Exploramos c\u00f3mo los dilemas sobre la vida, la salud, el cuerpo y la tecnolog\u00eda nos invitan a pensar con amor, verdad y discernimiento. Hablamos desde una perspectiva cristiana comprometida con la dignidad humana, para ayudarte a tomar decisiones \u00e9ticas en un mundo complejo.<\/p>\n\n\n\n<div style=\"height:25px\" aria-hidden=\"true\" class=\"wp-block-spacer\"><\/div>\n\n\n\n<p>\ud83d\udd0a El podcast de&nbsp;<em>Bioethics.life<\/em>: donde pensar la vida tambi\u00e9n es un acto de fe.<\/p>\n\n\n\n<div style=\"height:25px\" aria-hidden=\"true\" class=\"wp-block-spacer\"><\/div>\n\n\n\n<p>Learn more about our <a href=\"https:\/\/bioetica.net\/nuestra-mision\/\" data-type=\"link\" data-id=\"https:\/\/bioetica.net\/nuestra-mision\/\">mission<\/a><\/p>\n\n\n\n<p><\/p>","protected":false},"excerpt":{"rendered":"<p>En el episodio 1 del podcast&nbsp;de Bioetica.net, nos preguntamos: \u00bfQu\u00e9 es la bio\u00e9tica? \u00bfY por qu\u00e9 deber\u00eda importarte como creyente? Exploramos c\u00f3mo los dilemas sobre la vida, la salud, el cuerpo y la tecnolog\u00eda nos invitan a pensar con amor, verdad y discernimiento. Hablamos desde una perspectiva cristiana comprometida con la dignidad humana, para ayudarte [&hellip;]<\/p>\n","protected":false},"author":1,"featured_media":3134,"comment_status":"open","ping_status":"open","sticky":false,"template":"","format":"standard","meta":{"_uag_custom_page_level_css":"","site-sidebar-layout":"default","site-content-layout":"","ast-site-content-layout":"default","site-content-style":"default","site-sidebar-style":"default","ast-global-header-display":"","ast-banner-title-visibility":"","ast-main-header-display":"","ast-hfb-above-header-display":"","ast-hfb-below-header-display":"","ast-hfb-mobile-header-display":"","site-post-title":"","ast-breadcrumbs-content":"","ast-featured-img":"","footer-sml-layout":"","ast-disable-related-posts":"","theme-transparent-header-meta":"","adv-header-id-meta":"","stick-header-meta":"","header-above-stick-meta":"","header-main-stick-meta":"","header-below-stick-meta":"","astra-migrate-meta-layouts":"set","ast-page-background-enabled":"default","ast-page-background-meta":{"desktop":{"background-color":"var(--ast-global-color-4)","background-image":"","background-repeat":"repeat","background-position":"center center","background-size":"auto","background-attachment":"scroll","background-type":"","background-media":"","overlay-type":"","overlay-color":"","overlay-opacity":"","overlay-gradient":""},"tablet":{"background-color":"","background-image":"","background-repeat":"repeat","background-position":"center center","background-size":"auto","background-attachment":"scroll","background-type":"","background-media":"","overlay-type":"","overlay-color":"","overlay-opacity":"","overlay-gradient":""},"mobile":{"background-color":"","background-image":"","background-repeat":"repeat","background-position":"center center","background-size":"auto","background-attachment":"scroll","background-type":"","background-media":"","overlay-type":"","overlay-color":"","overlay-opacity":"","overlay-gradient":""}},"ast-content-background-meta":{"desktop":{"background-color":"var(--ast-global-color-5)","background-image":"","background-repeat":"repeat","background-position":"center center","background-size":"auto","background-attachment":"scroll","background-type":"","background-media":"","overlay-type":"","overlay-color":"","overlay-opacity":"","overlay-gradient":""},"tablet":{"background-color":"var(--ast-global-color-5)","background-image":"","background-repeat":"repeat","background-position":"center center","background-size":"auto","background-attachment":"scroll","background-type":"","background-media":"","overlay-type":"","overlay-color":"","overlay-opacity":"","overlay-gradient":""},"mobile":{"background-color":"var(--ast-global-color-5)","background-image":"","background-repeat":"repeat","background-position":"center center","background-size":"auto","background-attachment":"scroll","background-type":"","background-media":"","overlay-type":"","overlay-color":"","overlay-opacity":"","overlay-gradient":""}},"_jetpack_memberships_contains_paid_content":false,"footnotes":"","jetpack_publicize_message":"","jetpack_publicize_feature_enabled":true,"jetpack_social_post_already_shared":true,"jetpack_social_options":{"image_generator_settings":{"template":"highway","default_image_id":0,"enabled":false},"version":2}},"categories":[35,29],"tags":[34,33],"class_list":["post-3138","post","type-post","status-publish","format-standard","has-post-thumbnail","hentry","category-podcast","category-fundamentos-bioeticos","tag-episodio-1","tag-podcast"],"jetpack_publicize_connections":[],"jetpack_featured_media_url":"https:\/\/i0.wp.com\/bioetica.net\/wp-content\/uploads\/2025\/06\/Bioetica.net-1400-x-1400-px-2.png?fit=1400%2C1400&ssl=1","uagb_featured_image_src":{"full":["https:\/\/i0.wp.com\/bioetica.net\/wp-content\/uploads\/2025\/06\/Bioetica.net-1400-x-1400-px-2.png?fit=1400%2C1400&ssl=1",1400,1400,false],"thumbnail":["https:\/\/i0.wp.com\/bioetica.net\/wp-content\/uploads\/2025\/06\/Bioetica.net-1400-x-1400-px-2.png?resize=150%2C150&ssl=1",150,150,true],"medium":["https:\/\/i0.wp.com\/bioetica.net\/wp-content\/uploads\/2025\/06\/Bioetica.net-1400-x-1400-px-2.png?fit=300%2C300&ssl=1",300,300,true],"medium_large":["https:\/\/i0.wp.com\/bioetica.net\/wp-content\/uploads\/2025\/06\/Bioetica.net-1400-x-1400-px-2.png?fit=768%2C768&ssl=1",768,768,true],"large":["https:\/\/i0.wp.com\/bioetica.net\/wp-content\/uploads\/2025\/06\/Bioetica.net-1400-x-1400-px-2.png?fit=1024%2C1024&ssl=1",1024,1024,true],"1536x1536":["https:\/\/i0.wp.com\/bioetica.net\/wp-content\/uploads\/2025\/06\/Bioetica.net-1400-x-1400-px-2.png?fit=1400%2C1400&ssl=1",1400,1400,true],"2048x2048":["https:\/\/i0.wp.com\/bioetica.net\/wp-content\/uploads\/2025\/06\/Bioetica.net-1400-x-1400-px-2.png?fit=1400%2C1400&ssl=1",1400,1400,true],"trp-custom-language-flag":["https:\/\/i0.wp.com\/bioetica.net\/wp-content\/uploads\/2025\/06\/Bioetica.net-1400-x-1400-px-2.png?fit=12%2C12&ssl=1",12,12,true],"woocommerce_thumbnail":["https:\/\/i0.wp.com\/bioetica.net\/wp-content\/uploads\/2025\/06\/Bioetica.net-1400-x-1400-px-2.png?resize=300%2C300&ssl=1",300,300,true],"woocommerce_single":["https:\/\/i0.wp.com\/bioetica.net\/wp-content\/uploads\/2025\/06\/Bioetica.net-1400-x-1400-px-2.png?fit=600%2C600&ssl=1",600,600,true],"woocommerce_gallery_thumbnail":["https:\/\/i0.wp.com\/bioetica.net\/wp-content\/uploads\/2025\/06\/Bioetica.net-1400-x-1400-px-2.png?resize=100%2C100&ssl=1",100,100,true]},"uagb_author_info":{"display_name":"Samuel Luis Caraballo","author_link":"https:\/\/bioetica.net\/en\/author\/caraballo-samuelgmail-com\/"},"uagb_comment_info":24,"uagb_excerpt":"En el episodio 1 del podcast&nbsp;de Bioetica.net, nos preguntamos: \u00bfQu\u00e9 es la bio\u00e9tica? \u00bfY por qu\u00e9 deber\u00eda importarte como creyente? Exploramos c\u00f3mo los dilemas sobre la vida, la salud, el cuerpo y la tecnolog\u00eda nos invitan a pensar con amor, verdad y discernimiento. Hablamos desde una perspectiva cristiana comprometida con la dignidad humana, para ayudarte&hellip;","jetpack_sharing_enabled":true,"jetpack_likes_enabled":true,"_links":{"self":[{"href":"https:\/\/bioetica.net\/en\/wp-json\/wp\/v2\/posts\/3138","targetHints":{"allow":["GET"]}}],"collection":[{"href":"https:\/\/bioetica.net\/en\/wp-json\/wp\/v2\/posts"}],"about":[{"href":"https:\/\/bioetica.net\/en\/wp-json\/wp\/v2\/types\/post"}],"author":[{"embeddable":true,"href":"https:\/\/bioetica.net\/en\/wp-json\/wp\/v2\/users\/1"}],"replies":[{"embeddable":true,"href":"https:\/\/bioetica.net\/en\/wp-json\/wp\/v2\/comments?post=3138"}],"version-history":[{"count":7,"href":"https:\/\/bioetica.net\/en\/wp-json\/wp\/v2\/posts\/3138\/revisions"}],"predecessor-version":[{"id":3145,"href":"https:\/\/bioetica.net\/en\/wp-json\/wp\/v2\/posts\/3138\/revisions\/3145"}],"wp:featuredmedia":[{"embeddable":true,"href":"https:\/\/bioetica.net\/en\/wp-json\/wp\/v2\/media\/3134"}],"wp:attachment":[{"href":"https:\/\/bioetica.net\/en\/wp-json\/wp\/v2\/media?parent=3138"}],"wp:term":[{"taxonomy":"category","embeddable":true,"href":"https:\/\/bioetica.net\/en\/wp-json\/wp\/v2\/categories?post=3138"},{"taxonomy":"post_tag","embeddable":true,"href":"https:\/\/bioetica.net\/en\/wp-json\/wp\/v2\/tags?post=3138"}],"curies":[{"name":"wp","href":"https:\/\/api.w.org\/{rel}","templated":true}]}}