{"id":3146,"date":"2025-06-30T03:56:40","date_gmt":"2025-06-30T03:56:40","guid":{"rendered":"https:\/\/bioetica.net\/?p=3146"},"modified":"2025-06-29T03:59:11","modified_gmt":"2025-06-29T03:59:11","slug":"euthanasia-spain-illiteracy-ethical","status":"publish","type":"post","link":"https:\/\/bioetica.net\/en\/eutanasia-espana-analfabetismo-etico\/","title":{"rendered":"Euthanasia in Spain: Progress or ethical illiteracy?"},"content":{"rendered":"<p><!-- \ud83d\udfe9 DESCRIPCI\u00d3N BREVE --><\/p>\n\n\n<div style=\"height:26px\" aria-hidden=\"true\" class=\"wp-block-spacer\"><\/div>\n\n\n\n<p><strong>\ud83c\udff7\ufe0f description:<\/strong> A new report reveals that more than 1,300 people have died from euthanasia in Spain since its legalization. This has raised concerns about the weakening of moral judgment and the dehumanization of medical care.<\/p>\n\n\n\n<div style=\"height:26px\" aria-hidden=\"true\" class=\"wp-block-spacer\"><\/div>\n\n\n\n<p>What does it mean that more than 1,300 people have requested and received euthanasia in Spain in just three years? Is this a step forward for rights or a step backward for humanity? For many, these figures reflect a profound ethical illiteracy both in society and in the medical field. As Christians committed to life, we are challenged to reflect.<\/p>\n\n\n\n<div style=\"height:26px\" aria-hidden=\"true\" class=\"wp-block-spacer\"><\/div>\n\n\n\n<h3 class=\"wp-block-heading\"><strong>\ud83d\udd4a\ufe0f Euthanasia and the weakening of moral judgment<\/strong><\/h3>\n\n\n\n<p>In the article published by <em>Alfa y Omega<\/em> presents worrying data: between July 2021 and June 2023, 1,301 people died by euthanasia in Spain. Most of the requests came from people with neurological diseases, cancer, or chronic conditions. But behind the figures lies something even more alarming: the trivialization of suffering and the loss of meaning in medical practice.<\/p>\n\n\n\n<div style=\"height:29px\" aria-hidden=\"true\" class=\"wp-block-spacer\"><\/div>\n\n\n\n<p>Bioethicist Pablo Requena clearly points out that behind this \"normalization\" of euthanasia there is a crisis of ethical sense: <em>\u201cMany doctors lack moral training and simply execute protocols without deep reflection.\u201d<\/em><\/p>\n\n\n\n<div style=\"height:26px\" aria-hidden=\"true\" class=\"wp-block-spacer\"><\/div>\n\n\n\n<h3 class=\"wp-block-heading\"><strong>\u26ea The value of every life before God<\/strong><\/h3>\n\n\n\n<p>According to the Christian faith, every human life possesses an inviolable dignity, even in pain, dependence, or old age. Euthanasia is not a compassionate response, but a defeat of our capacity to accompany. Jesus did not shy away from human suffering: he embraced it, redeemed it, and taught us to bear the pain of others, not to eliminate it.<\/p>\n\n\n\n<div style=\"height:29px\" aria-hidden=\"true\" class=\"wp-block-spacer\"><\/div>\n\n\n\n<p>A society that offers death as a response to suffering reveals not only spiritual poverty, but also a profound disconnection from the Christian love that gives meaning to care, accompaniment, and hope.<\/p>\n\n\n\n<div style=\"height:26px\" aria-hidden=\"true\" class=\"wp-block-spacer\"><\/div>\n\n\n\n<h3 class=\"wp-block-heading\"><strong>\ud83c\udf0d What can we do as believers?<\/strong><\/h3>\n\n\n\n<p>Bioethical literacy is not an academic luxury, but a pastoral and civic urgency. We need to educate our communities in moral discernment, promote a culture of palliative care, and speak out against legislation that reduces the value of life to individual productivity or autonomy.<\/p>\n\n\n\n<div style=\"height:29px\" aria-hidden=\"true\" class=\"wp-block-spacer\"><\/div>\n\n\n\n<p>Bioethics.life exists precisely for this purpose: to help us understand, reflect, and act. In the face of the temptation to abandon those who suffer, the Gospel compels us to accompany, comfort, and defend life.<\/p>\n\n\n\n<div style=\"height:29px\" aria-hidden=\"true\" class=\"wp-block-spacer\"><\/div>\n\n\n\n<p>Learn more about our <a href=\"https:\/\/bioetica.net\/nuestra-mision\/\" data-type=\"link\" data-id=\"https:\/\/bioetica.net\/nuestra-mision\/\">mission<\/a><\/p>\n\n\n\n<div style=\"height:26px\" aria-hidden=\"true\" class=\"wp-block-spacer\"><\/div>\n\n\n\n<h3 class=\"wp-block-heading\"><strong>\ud83d\udd17 Source<\/strong> <a href=\"https:\/\/alfayomega.es\/las-1-300-muertes-por-eutanasia-en-espana-reflejan-el-analfabetismo-etico-de-la-sociedad-y-de-los-medicos\/\" target=\"_blank\" rel=\"noopener\">Alfa y Omega \u2013 Las 1.300 muertes por eutanasia en Espa\u00f1a<\/a><\/h3>\n\n\n\n<p><\/p>","protected":false},"excerpt":{"rendered":"<p>\ud83c\udff7\ufe0f descripci\u00f3n: Un nuevo informe revela que m\u00e1s de 1,300 personas han muerto por eutanasia en Espa\u00f1a desde su legalizaci\u00f3n. Esto ha despertado preocupaci\u00f3n sobre el debilitamiento del juicio moral y la deshumanizaci\u00f3n del cuidado m\u00e9dico. \u00bfQu\u00e9 significa que m\u00e1s de 1,300 personas hayan solicitado y recibido la eutanasia en Espa\u00f1a en apenas tres a\u00f1os? [&hellip;]<\/p>\n","protected":false},"author":1,"featured_media":3155,"comment_status":"open","ping_status":"open","sticky":false,"template":"","format":"standard","meta":{"_uag_custom_page_level_css":"","site-sidebar-layout":"default","site-content-layout":"","ast-site-content-layout":"default","site-content-style":"default","site-sidebar-style":"default","ast-global-header-display":"","ast-banner-title-visibility":"","ast-main-header-display":"","ast-hfb-above-header-display":"","ast-hfb-below-header-display":"","ast-hfb-mobile-header-display":"","site-post-title":"","ast-breadcrumbs-content":"","ast-featured-img":"","footer-sml-layout":"","ast-disable-related-posts":"","theme-transparent-header-meta":"","adv-header-id-meta":"","stick-header-meta":"","header-above-stick-meta":"","header-main-stick-meta":"","header-below-stick-meta":"","astra-migrate-meta-layouts":"set","ast-page-background-enabled":"default","ast-page-background-meta":{"desktop":{"background-color":"var(--ast-global-color-4)","background-image":"","background-repeat":"repeat","background-position":"center center","background-size":"auto","background-attachment":"scroll","background-type":"","background-media":"","overlay-type":"","overlay-color":"","overlay-opacity":"","overlay-gradient":""},"tablet":{"background-color":"","background-image":"","background-repeat":"repeat","background-position":"center center","background-size":"auto","background-attachment":"scroll","background-type":"","background-media":"","overlay-type":"","overlay-color":"","overlay-opacity":"","overlay-gradient":""},"mobile":{"background-color":"","background-image":"","background-repeat":"repeat","background-position":"center center","background-size":"auto","background-attachment":"scroll","background-type":"","background-media":"","overlay-type":"","overlay-color":"","overlay-opacity":"","overlay-gradient":""}},"ast-content-background-meta":{"desktop":{"background-color":"var(--ast-global-color-5)","background-image":"","background-repeat":"repeat","background-position":"center center","background-size":"auto","background-attachment":"scroll","background-type":"","background-media":"","overlay-type":"","overlay-color":"","overlay-opacity":"","overlay-gradient":""},"tablet":{"background-color":"var(--ast-global-color-5)","background-image":"","background-repeat":"repeat","background-position":"center center","background-size":"auto","background-attachment":"scroll","background-type":"","background-media":"","overlay-type":"","overlay-color":"","overlay-opacity":"","overlay-gradient":""},"mobile":{"background-color":"var(--ast-global-color-5)","background-image":"","background-repeat":"repeat","background-position":"center center","background-size":"auto","background-attachment":"scroll","background-type":"","background-media":"","overlay-type":"","overlay-color":"","overlay-opacity":"","overlay-gradient":""}},"_jetpack_memberships_contains_paid_content":false,"footnotes":"","jetpack_publicize_message":"","jetpack_publicize_feature_enabled":true,"jetpack_social_post_already_shared":true,"jetpack_social_options":{"image_generator_settings":{"template":"highway","default_image_id":0,"enabled":false},"version":2}},"categories":[14,12],"tags":[30],"class_list":["post-3146","post","type-post","status-publish","format-standard","has-post-thumbnail","hentry","category-salud","category-final-de-la-vida","tag-eutanasia"],"jetpack_publicize_connections":[],"jetpack_featured_media_url":"https:\/\/i0.wp.com\/bioetica.net\/wp-content\/uploads\/2025\/06\/6706CAD8-1207-49C0-8F59-DF3D7F0E8350.png?fit=1536%2C1024&ssl=1","uagb_featured_image_src":{"full":["https:\/\/i0.wp.com\/bioetica.net\/wp-content\/uploads\/2025\/06\/6706CAD8-1207-49C0-8F59-DF3D7F0E8350.png?fit=1536%2C1024&ssl=1",1536,1024,false],"thumbnail":["https:\/\/i0.wp.com\/bioetica.net\/wp-content\/uploads\/2025\/06\/6706CAD8-1207-49C0-8F59-DF3D7F0E8350.png?resize=150%2C150&ssl=1",150,150,true],"medium":["https:\/\/i0.wp.com\/bioetica.net\/wp-content\/uploads\/2025\/06\/6706CAD8-1207-49C0-8F59-DF3D7F0E8350.png?fit=300%2C200&ssl=1",300,200,true],"medium_large":["https:\/\/i0.wp.com\/bioetica.net\/wp-content\/uploads\/2025\/06\/6706CAD8-1207-49C0-8F59-DF3D7F0E8350.png?fit=768%2C512&ssl=1",768,512,true],"large":["https:\/\/i0.wp.com\/bioetica.net\/wp-content\/uploads\/2025\/06\/6706CAD8-1207-49C0-8F59-DF3D7F0E8350.png?fit=1024%2C683&ssl=1",1024,683,true],"1536x1536":["https:\/\/i0.wp.com\/bioetica.net\/wp-content\/uploads\/2025\/06\/6706CAD8-1207-49C0-8F59-DF3D7F0E8350.png?fit=1536%2C1024&ssl=1",1536,1024,true],"2048x2048":["https:\/\/i0.wp.com\/bioetica.net\/wp-content\/uploads\/2025\/06\/6706CAD8-1207-49C0-8F59-DF3D7F0E8350.png?fit=1536%2C1024&ssl=1",1536,1024,true],"trp-custom-language-flag":["https:\/\/i0.wp.com\/bioetica.net\/wp-content\/uploads\/2025\/06\/6706CAD8-1207-49C0-8F59-DF3D7F0E8350.png?fit=18%2C12&ssl=1",18,12,true],"woocommerce_thumbnail":["https:\/\/i0.wp.com\/bioetica.net\/wp-content\/uploads\/2025\/06\/6706CAD8-1207-49C0-8F59-DF3D7F0E8350.png?resize=300%2C300&ssl=1",300,300,true],"woocommerce_single":["https:\/\/i0.wp.com\/bioetica.net\/wp-content\/uploads\/2025\/06\/6706CAD8-1207-49C0-8F59-DF3D7F0E8350.png?fit=600%2C400&ssl=1",600,400,true],"woocommerce_gallery_thumbnail":["https:\/\/i0.wp.com\/bioetica.net\/wp-content\/uploads\/2025\/06\/6706CAD8-1207-49C0-8F59-DF3D7F0E8350.png?resize=100%2C100&ssl=1",100,100,true]},"uagb_author_info":{"display_name":"Samuel Luis Caraballo","author_link":"https:\/\/bioetica.net\/en\/author\/caraballo-samuelgmail-com\/"},"uagb_comment_info":16,"uagb_excerpt":"\ud83c\udff7\ufe0f descripci\u00f3n: Un nuevo informe revela que m\u00e1s de 1,300 personas han muerto por eutanasia en Espa\u00f1a desde su legalizaci\u00f3n. Esto ha despertado preocupaci\u00f3n sobre el debilitamiento del juicio moral y la deshumanizaci\u00f3n del cuidado m\u00e9dico. \u00bfQu\u00e9 significa que m\u00e1s de 1,300 personas hayan solicitado y recibido la eutanasia en Espa\u00f1a en apenas tres a\u00f1os?&hellip;","jetpack_sharing_enabled":true,"jetpack_likes_enabled":true,"_links":{"self":[{"href":"https:\/\/bioetica.net\/en\/wp-json\/wp\/v2\/posts\/3146","targetHints":{"allow":["GET"]}}],"collection":[{"href":"https:\/\/bioetica.net\/en\/wp-json\/wp\/v2\/posts"}],"about":[{"href":"https:\/\/bioetica.net\/en\/wp-json\/wp\/v2\/types\/post"}],"author":[{"embeddable":true,"href":"https:\/\/bioetica.net\/en\/wp-json\/wp\/v2\/users\/1"}],"replies":[{"embeddable":true,"href":"https:\/\/bioetica.net\/en\/wp-json\/wp\/v2\/comments?post=3146"}],"version-history":[{"count":9,"href":"https:\/\/bioetica.net\/en\/wp-json\/wp\/v2\/posts\/3146\/revisions"}],"predecessor-version":[{"id":3156,"href":"https:\/\/bioetica.net\/en\/wp-json\/wp\/v2\/posts\/3146\/revisions\/3156"}],"wp:featuredmedia":[{"embeddable":true,"href":"https:\/\/bioetica.net\/en\/wp-json\/wp\/v2\/media\/3155"}],"wp:attachment":[{"href":"https:\/\/bioetica.net\/en\/wp-json\/wp\/v2\/media?parent=3146"}],"wp:term":[{"taxonomy":"category","embeddable":true,"href":"https:\/\/bioetica.net\/en\/wp-json\/wp\/v2\/categories?post=3146"},{"taxonomy":"post_tag","embeddable":true,"href":"https:\/\/bioetica.net\/en\/wp-json\/wp\/v2\/tags?post=3146"}],"curies":[{"name":"wp","href":"https:\/\/api.w.org\/{rel}","templated":true}]}}