{"id":3191,"date":"2025-07-03T04:00:00","date_gmt":"2025-07-03T04:00:00","guid":{"rendered":"https:\/\/bioetica.net\/?p=3191"},"modified":"2025-07-06T11:15:53","modified_gmt":"2025-07-06T11:15:53","slug":"deferred-motherhood-christian-ethics","status":"publish","type":"post","link":"https:\/\/bioetica.net\/en\/maternidad-diferida-etica-cristiana\/","title":{"rendered":"Should I Freeze My Eggs or Not? Delayed Motherhood"},"content":{"rendered":"<p><!-- \ud83d\udfe9 DESCRIPCI\u00d3N BREVE --><\/p>\n\n\n<div style=\"height:26px\" aria-hidden=\"true\" class=\"wp-block-spacer\"><\/div>\n\n\n\n<p><strong>\ud83c\udff7\ufe0f description:<\/strong> El debate sobre la congelaci\u00f3n de \u00f3vulos para retrasar la maternidad diferida vuelve a ocupar titulares. Este art\u00edculo de El Pa\u00eds expone el auge de esta pr\u00e1ctica en Espa\u00f1a y los dilemas \u00e9ticos que plantea, m\u00e1s all\u00e1 del discurso de la libertad reproductiva.<\/p>\n\n\n\n<div style=\"height:26px\" aria-hidden=\"true\" class=\"wp-block-spacer\"><\/div>\n\n\n\n<h3 class=\"wp-block-heading\"><strong>\ud83e\udde0 \u00bfLibertad reproductiva o s\u00edntoma de algo m\u00e1s profundo?<\/strong><\/h3>\n\n\n\n<p>La congelaci\u00f3n de \u00f3vulos es una tecnolog\u00eda que permite a una mujer postergar la maternidad diferida mediante la preservaci\u00f3n de sus gametos para usarlos m\u00e1s adelante. A primera vista, puede parecer una herramienta de autonom\u00eda reproductiva: m\u00e1s opciones, m\u00e1s control. Sin embargo, desde una perspectiva \u00e9tica y pastoral, es importante detenerse a preguntar: \u00bfqu\u00e9 motiva estas decisiones?, \u00bfestamos resolviendo un problema o desplaz\u00e1ndolo hacia el futuro?<\/p>\n\n\n\n<div style=\"height:26px\" aria-hidden=\"true\" class=\"wp-block-spacer\"><\/div>\n\n\n\n<p>El art\u00edculo de <em>El Pa\u00eds<\/em> deja entrever una paradoja preocupante: lo que se presenta como empoderamiento puede, en realidad, estar enmascarando un entorno laboral y social hostil a la maternidad diferida, especialmente cuando se convierte en una condici\u00f3n para ser tomada en serio en el trabajo. Si una empresa ofrece congelar \u00f3vulos como \u201cbeneficio\u201d, \u00bfes libertad real o un mensaje impl\u00edcito de que la maternidad no tiene cabida en el presente?<\/p>\n\n\n\n<div style=\"height:26px\" aria-hidden=\"true\" class=\"wp-block-spacer\"><\/div>\n\n\n\n<h3 class=\"wp-block-heading\"><strong>\u2696\ufe0f Decisi\u00f3n m\u00e9dica, presi\u00f3n cultural y \u00e9xito incierto<\/strong><\/h3>\n\n\n\n<p>La vitrificaci\u00f3n de \u00f3vulos implica decisiones m\u00e9dicas complejas, inversi\u00f3n econ\u00f3mica considerable y expectativas emocionales profundas. Aunque a menudo se presenta como una soluci\u00f3n segura, lo cierto es que el \u00e9xito de un embarazo con \u00f3vulos congelados no est\u00e1 garantizado. Estudios muestran que las tasas de embarazo var\u00edan considerablemente y que muchas mujeres enfrentan desilusi\u00f3n a\u00f1os despu\u00e9s. Este dato es clave en todo proceso de discernimiento bio\u00e9tico sobre la maternidad diferida.<\/p>\n\n\n\n<div style=\"height:26px\" aria-hidden=\"true\" class=\"wp-block-spacer\"><\/div>\n\n\n\n<p>Adem\u00e1s, debemos considerar el mensaje antropol\u00f3gico impl\u00edcito: \u00bfes el cuerpo humano una estructura que debe ajustarse a los ritmos del mercado? \u00bfO es un don que merece ser cuidado en su temporalidad natural? En <a href=\"https:\/\/www.biblegateway.com\/passage\/?search=Romanos%2012%3A2&amp;version=RVR1960\" target=\"_blank\" rel=\"noreferrer noopener\">Romans 12:2<\/a>, el ap\u00f3stol Pablo exhorta: \u201c<em>No se conformen a este mundo, sino transf\u00f3rmense mediante la renovaci\u00f3n de su mente<\/em>\u201d. Esta advertencia cobra fuerza ante tecnolog\u00edas que, sin un marco \u00e9tico claro, pueden hacernos olvidar el valor del cuerpo como templo del Esp\u00edritu Santo (<a href=\"https:\/\/www.biblegateway.com\/passage\/?search=1%20Corintios%206%3A19\u201320&amp;version=RVR1960\" target=\"_blank\" data-type=\"link\" data-id=\"https:\/\/www.biblegateway.com\/passage\/?search=1%20Corintios%206%3A19\u201320&amp;version=RVR1960\" rel=\"noreferrer noopener\">1 Corinthians 6:19\u201320<\/a>).<\/p>\n\n\n\n<div style=\"height:26px\" aria-hidden=\"true\" class=\"wp-block-spacer\"><\/div>\n\n\n\n<h3 class=\"wp-block-heading\"><strong>\u26ea La maternidad como vocaci\u00f3n, no como proyecto aplazado<\/strong><\/h3>\n\n\n\n<p>La Escritura presenta la maternidad no como un mandato impuesto, sino como una vocaci\u00f3n que puede ser vivida con libertad, entrega y sentido. En el relato de Sara, de Ana y de Mar\u00eda vemos c\u00f3mo la maternidad aparece como una respuesta confiada ante la providencia divina. No siempre llega en el \u201cmomento perfecto\u201d, pero en todos los casos, el don de la vida se recibe con gratitud y se reconoce como parte de un prop\u00f3sito mayor. Esto contrasta con la l\u00f3gica instrumental de la maternidad diferida, impulsada por el control y la postergaci\u00f3n.<\/p>\n\n\n\n<div style=\"height:26px\" aria-hidden=\"true\" class=\"wp-block-spacer\"><\/div>\n\n\n\n<p>Eso no significa negar las dificultades. Ser madre en una sociedad marcada por la competencia y la productividad es un reto real. Pero la soluci\u00f3n no puede ser solo t\u00e9cnica o postergada. Como comunidad cristiana, estamos llamados a acompa\u00f1ar, a discernir, y a promover estructuras que reconozcan el valor del cuidado, la crianza y el tiempo humano en toda su fragilidad y plenitud.<\/p>\n\n\n\n<div style=\"height:26px\" aria-hidden=\"true\" class=\"wp-block-spacer\"><\/div>\n\n\n\n<h3 class=\"wp-block-heading\"><strong>\ud83c\udf0d Una \u00e9tica del deseo y del tiempo<\/strong><\/h3>\n\n\n\n<p>\u00bfRetrasar la maternidad es empoderamiento o es una forma de renuncia obligada? Tal vez ambas. Pero como cristianos, no podemos perder de vista que el tiempo \u2014incluso el biol\u00f3gico\u2014 tambi\u00e9n forma parte del llamado de Dios para nuestra vida. La verdadera libertad no consiste en aplazar indefinidamente, sino en vivir con sabidur\u00eda. Como dice Eclesiast\u00e9s 3:1: \u201cTodo tiene su tiempo, y todo lo que se quiere debajo del cielo tiene su hora\u201d. La maternidad diferida plantea una pregunta central: \u00bfsomos libres al elegir o respondemos a una presi\u00f3n estructural?<\/p>\n\n\n\n<div style=\"height:26px\" aria-hidden=\"true\" class=\"wp-block-spacer\"><\/div>\n\n\n\n<p>La bio\u00e9tica cristiana no busca imponer reglas, sino formar conciencias. Frente a tecnolog\u00edas que prometen controlar la fertilidad, necesitamos comunidades que acompa\u00f1en el discernimiento, m\u00e9dicos con formaci\u00f3n moral, y espacios donde el cuerpo femenino no sea instrumentalizado, sino amado, escuchado y sostenido. La maternidad diferida no es intr\u00ednsecamente buena ni mala, pero s\u00ed requiere una reflexi\u00f3n espiritual y comunitaria profunda. Desde la fe, discernimos no solo lo que es posible, sino lo que edifica y da vida verdadera (<a href=\"https:\/\/www.biblegateway.com\/passage\/?search=1%20Corintios%2010%3A23&amp;version=RVR1960\" target=\"_blank\" rel=\"noopener\">1 Corinthians 10:23<\/a>).<\/p>\n\n\n\n<div style=\"height:36px\" aria-hidden=\"true\" class=\"wp-block-spacer\"><\/div>\n\n\n\n<p>\ud83d\udcf0 <a href=\"https:\/\/elpais.com\/sociedad\/2025-07-02\/congelacion-de-ovulos-para-retrasar-la-maternidad-es-esta-la-solucion.html\" target=\"_blank\" rel=\"noopener\">Leer art\u00edculo original en El Pa\u00eds<\/a><\/p>\n\n\n\n<div style=\"height:26px\" aria-hidden=\"true\" class=\"wp-block-spacer\"><\/div>\n\n\n\n<p>Learn more about our <a href=\"https:\/\/bioetica.net\/nuestra-mision\/\" data-type=\"link\" data-id=\"https:\/\/bioetica.net\/nuestra-mision\/\"><strong>mission<\/strong><\/a><\/p>\n\n\n\n<div style=\"height:36px\" aria-hidden=\"true\" class=\"wp-block-spacer\"><\/div>\n\n\n\n<p>\ud83d\udcf2 <strong>Follow us on Facebook for more news and reflections on bioethics:<\/strong> <a href=\"https:\/\/www.facebook.com\/bioeticanet\" target=\"_blank\" rel=\"noopener\">facebook.com\/bioeticanet<\/a><\/p>","protected":false},"excerpt":{"rendered":"<p>Delaying motherhood or confronting a deeper cultural symptom? Egg freezing presents itself as freedom, but it raises urgent ethical questions about labor, gender, and biology.<\/p>","protected":false},"author":1,"featured_media":3196,"comment_status":"open","ping_status":"open","sticky":false,"template":"","format":"standard","meta":{"_uag_custom_page_level_css":"","site-sidebar-layout":"default","site-content-layout":"","ast-site-content-layout":"default","site-content-style":"default","site-sidebar-style":"default","ast-global-header-display":"","ast-banner-title-visibility":"","ast-main-header-display":"","ast-hfb-above-header-display":"","ast-hfb-below-header-display":"","ast-hfb-mobile-header-display":"","site-post-title":"","ast-breadcrumbs-content":"","ast-featured-img":"","footer-sml-layout":"","ast-disable-related-posts":"","theme-transparent-header-meta":"","adv-header-id-meta":"","stick-header-meta":"","header-above-stick-meta":"","header-main-stick-meta":"","header-below-stick-meta":"","astra-migrate-meta-layouts":"set","ast-page-background-enabled":"default","ast-page-background-meta":{"desktop":{"background-color":"var(--ast-global-color-4)","background-image":"","background-repeat":"repeat","background-position":"center center","background-size":"auto","background-attachment":"scroll","background-type":"","background-media":"","overlay-type":"","overlay-color":"","overlay-opacity":"","overlay-gradient":""},"tablet":{"background-color":"","background-image":"","background-repeat":"repeat","background-position":"center center","background-size":"auto","background-attachment":"scroll","background-type":"","background-media":"","overlay-type":"","overlay-color":"","overlay-opacity":"","overlay-gradient":""},"mobile":{"background-color":"","background-image":"","background-repeat":"repeat","background-position":"center center","background-size":"auto","background-attachment":"scroll","background-type":"","background-media":"","overlay-type":"","overlay-color":"","overlay-opacity":"","overlay-gradient":""}},"ast-content-background-meta":{"desktop":{"background-color":"var(--ast-global-color-5)","background-image":"","background-repeat":"repeat","background-position":"center center","background-size":"auto","background-attachment":"scroll","background-type":"","background-media":"","overlay-type":"","overlay-color":"","overlay-opacity":"","overlay-gradient":""},"tablet":{"background-color":"var(--ast-global-color-5)","background-image":"","background-repeat":"repeat","background-position":"center center","background-size":"auto","background-attachment":"scroll","background-type":"","background-media":"","overlay-type":"","overlay-color":"","overlay-opacity":"","overlay-gradient":""},"mobile":{"background-color":"var(--ast-global-color-5)","background-image":"","background-repeat":"repeat","background-position":"center center","background-size":"auto","background-attachment":"scroll","background-type":"","background-media":"","overlay-type":"","overlay-color":"","overlay-opacity":"","overlay-gradient":""}},"_jetpack_memberships_contains_paid_content":false,"footnotes":"","jetpack_publicize_message":"","jetpack_publicize_feature_enabled":true,"jetpack_social_post_already_shared":true,"jetpack_social_options":{"image_generator_settings":{"template":"highway","default_image_id":0,"enabled":false},"version":2}},"categories":[15],"tags":[],"class_list":["post-3191","post","type-post","status-publish","format-standard","has-post-thumbnail","hentry","category-sexualidad-genero-cuerpo"],"jetpack_publicize_connections":[],"jetpack_featured_media_url":"https:\/\/i0.wp.com\/bioetica.net\/wp-content\/uploads\/2025\/07\/01773606-317F-44AF-BEDD-5ED903DCF457.png?fit=1536%2C1024&ssl=1","uagb_featured_image_src":{"full":["https:\/\/i0.wp.com\/bioetica.net\/wp-content\/uploads\/2025\/07\/01773606-317F-44AF-BEDD-5ED903DCF457.png?fit=1536%2C1024&ssl=1",1536,1024,false],"thumbnail":["https:\/\/i0.wp.com\/bioetica.net\/wp-content\/uploads\/2025\/07\/01773606-317F-44AF-BEDD-5ED903DCF457.png?resize=150%2C150&ssl=1",150,150,true],"medium":["https:\/\/i0.wp.com\/bioetica.net\/wp-content\/uploads\/2025\/07\/01773606-317F-44AF-BEDD-5ED903DCF457.png?fit=300%2C200&ssl=1",300,200,true],"medium_large":["https:\/\/i0.wp.com\/bioetica.net\/wp-content\/uploads\/2025\/07\/01773606-317F-44AF-BEDD-5ED903DCF457.png?fit=768%2C512&ssl=1",768,512,true],"large":["https:\/\/i0.wp.com\/bioetica.net\/wp-content\/uploads\/2025\/07\/01773606-317F-44AF-BEDD-5ED903DCF457.png?fit=1024%2C683&ssl=1",1024,683,true],"1536x1536":["https:\/\/i0.wp.com\/bioetica.net\/wp-content\/uploads\/2025\/07\/01773606-317F-44AF-BEDD-5ED903DCF457.png?fit=1536%2C1024&ssl=1",1536,1024,true],"2048x2048":["https:\/\/i0.wp.com\/bioetica.net\/wp-content\/uploads\/2025\/07\/01773606-317F-44AF-BEDD-5ED903DCF457.png?fit=1536%2C1024&ssl=1",1536,1024,true],"trp-custom-language-flag":["https:\/\/i0.wp.com\/bioetica.net\/wp-content\/uploads\/2025\/07\/01773606-317F-44AF-BEDD-5ED903DCF457.png?fit=18%2C12&ssl=1",18,12,true],"woocommerce_thumbnail":["https:\/\/i0.wp.com\/bioetica.net\/wp-content\/uploads\/2025\/07\/01773606-317F-44AF-BEDD-5ED903DCF457.png?resize=300%2C300&ssl=1",300,300,true],"woocommerce_single":["https:\/\/i0.wp.com\/bioetica.net\/wp-content\/uploads\/2025\/07\/01773606-317F-44AF-BEDD-5ED903DCF457.png?fit=600%2C400&ssl=1",600,400,true],"woocommerce_gallery_thumbnail":["https:\/\/i0.wp.com\/bioetica.net\/wp-content\/uploads\/2025\/07\/01773606-317F-44AF-BEDD-5ED903DCF457.png?resize=100%2C100&ssl=1",100,100,true]},"uagb_author_info":{"display_name":"Samuel Luis Caraballo","author_link":"https:\/\/bioetica.net\/en\/author\/caraballo-samuelgmail-com\/"},"uagb_comment_info":22,"uagb_excerpt":"\u00bfRetrasar la maternidad o enfrentar un s\u00edntoma cultural m\u00e1s profundo? La congelaci\u00f3n de \u00f3vulos se presenta como libertad, pero plantea preguntas \u00e9ticas urgentes sobre trabajo, g\u00e9nero y biolog\u00eda.","jetpack_sharing_enabled":true,"jetpack_likes_enabled":true,"_links":{"self":[{"href":"https:\/\/bioetica.net\/en\/wp-json\/wp\/v2\/posts\/3191","targetHints":{"allow":["GET"]}}],"collection":[{"href":"https:\/\/bioetica.net\/en\/wp-json\/wp\/v2\/posts"}],"about":[{"href":"https:\/\/bioetica.net\/en\/wp-json\/wp\/v2\/types\/post"}],"author":[{"embeddable":true,"href":"https:\/\/bioetica.net\/en\/wp-json\/wp\/v2\/users\/1"}],"replies":[{"embeddable":true,"href":"https:\/\/bioetica.net\/en\/wp-json\/wp\/v2\/comments?post=3191"}],"version-history":[{"count":10,"href":"https:\/\/bioetica.net\/en\/wp-json\/wp\/v2\/posts\/3191\/revisions"}],"predecessor-version":[{"id":3292,"href":"https:\/\/bioetica.net\/en\/wp-json\/wp\/v2\/posts\/3191\/revisions\/3292"}],"wp:featuredmedia":[{"embeddable":true,"href":"https:\/\/bioetica.net\/en\/wp-json\/wp\/v2\/media\/3196"}],"wp:attachment":[{"href":"https:\/\/bioetica.net\/en\/wp-json\/wp\/v2\/media?parent=3191"}],"wp:term":[{"taxonomy":"category","embeddable":true,"href":"https:\/\/bioetica.net\/en\/wp-json\/wp\/v2\/categories?post=3191"},{"taxonomy":"post_tag","embeddable":true,"href":"https:\/\/bioetica.net\/en\/wp-json\/wp\/v2\/tags?post=3191"}],"curies":[{"name":"wp","href":"https:\/\/api.w.org\/{rel}","templated":true}]}}