{"id":3476,"date":"2025-08-25T04:00:00","date_gmt":"2025-08-25T04:00:00","guid":{"rendered":"https:\/\/bioetica.net\/?p=3476"},"modified":"2025-08-28T01:02:11","modified_gmt":"2025-08-28T01:02:11","slug":"youth-violence-reflection-christian-bioethics","status":"publish","type":"post","link":"https:\/\/bioetica.net\/en\/violencia-juvenil-reflexion-bioetica-cristiana\/","title":{"rendered":"Youth Violence: Beyond Personal Responsibility"},"content":{"rendered":"<h3 class=\"wp-block-heading\"><strong>Introduction<\/strong><\/h3>\n\n\n\n<p>In Puerto Rico, the controversy over the causes of youth violence continues. Many argue that the problem lies solely in a lack of personal responsibility: young people who failed to make the right choices. But reducing the explanation to this factor ignores something fundamental:&nbsp;<strong>The environment also shapes human behavior<\/strong>.<\/p>\n\n\n\n<div style=\"height:21px\" aria-hidden=\"true\" class=\"wp-block-spacer\"><\/div>\n\n\n\n<p>The <a href=\"https:\/\/bioetica.net\/mision\/\" data-type=\"page\" data-id=\"1324\">Christian bioethics<\/a> invites us to look at the problem from a broader perspective. The dignity of human life compels us to examine not only individual decisions, but also the environments that influence them: the family, the community, the school, social structures, and economic conditions.<\/p>\n\n\n\n<hr class=\"wp-block-separator has-alpha-channel-opacity\"\/>\n\n\n\n<h3 class=\"wp-block-heading\"><strong>Personal Responsibility vs. Environmental Influence<\/strong><\/h3>\n\n\n\n<p>In the field of behavioral psychology there has been a constant debate between\u00a0<strong>behaviorism<\/strong>\u00a0(which emphasizes the role of the environment in shaping behavior) and\u00a0<strong>mentalism<\/strong>\u00a0(which puts the weight on the mind and individual decisions). The truth is that both elements are intertwined: the person has moral responsibility, but their ability to act fairly is influenced by their environment.<\/p>\n\n\n\n<div style=\"height:21px\" aria-hidden=\"true\" class=\"wp-block-spacer\"><\/div>\n\n\n\n<p>Scripture recognizes this tension. Paul writes:\u00a0<em>\u201cDo not be conformed to this world, but be transformed by the renewing of your mind.\u201d<\/em>\u00a0(<strong>Romans 12:2<\/strong>). Here we see that there is a \u201cworld\u201d that shapes, but also a call to resist that pressure and make different decisions.<\/p>\n\n\n\n<div style=\"height:21px\" aria-hidden=\"true\" class=\"wp-block-spacer\"><\/div>\n\n\n\n<hr class=\"wp-block-separator has-alpha-channel-opacity\"\/>\n\n\n\n<h3 class=\"wp-block-heading\"><strong>Lessons from Moral Psychology<\/strong><\/h3>\n\n\n\n<p>Classic psychological experiments offer compelling evidence of the power of the environment on human behavior:<\/p>\n\n\n\n<div style=\"height:21px\" aria-hidden=\"true\" class=\"wp-block-spacer\"><\/div>\n\n\n\n<ul class=\"wp-block-list\">\n<li><strong><a href=\"https:\/\/es.wikipedia.org\/wiki\/Experimento_de_Milgram\" data-type=\"link\" data-id=\"https:\/\/es.wikipedia.org\/wiki\/Experimento_de_Milgram\" target=\"_blank\" rel=\"noopener\">Milgram<\/a> and obedience to authority:<\/strong>Most participants were willing to inflict pain on others when an authority figure asked them to. They weren't \"bad people,\" but rather individuals responding to external pressure.<\/li>\n\n\n\n<li><strong><a href=\"https:\/\/es.wikipedia.org\/wiki\/Experimento_de_la_c\u00e1rcel_de_Stanford\" target=\"_blank\" rel=\"noreferrer noopener\">Zimbardo and Stanford Prison<\/a><\/strong>: Ordinary students, placed in a \"prison-like\" environment, ended up abusing other students. The role and context brought out harmful behaviors.<\/li>\n\n\n\n<li><a href=\"https:\/\/psicologiaymente.com\/social\/bandura-teoria-aprendizaje-cognitivo-social\" target=\"_blank\" rel=\"noopener\"><strong>Bandura and social learning<\/strong>:<\/a> Violence can be learned by observing it. Young people who grow up in environments where aggression is a daily pattern are more likely to reproduce it.<\/li>\n<\/ul>\n\n\n\n<p>These findings underline that&nbsp;<strong>human sin does not manifest in a vacuum<\/strong>, but rather it feeds and multiplies in contexts that normalize it.<\/p>\n\n\n\n<hr class=\"wp-block-separator has-alpha-channel-opacity\"\/>\n\n\n\n<h3 class=\"wp-block-heading\"><strong>Biblical and Philosophical Perspective<\/strong><\/h3>\n\n\n\n<p>From a moral philosophy perspective,&nbsp;<strong>situationist critique<\/strong>&nbsp;reminds us that character is not manifested only in isolated decisions, but in interaction with external conditions. And from faith, we recognize that the human heart needs to be renewed by the Spirit of God, but also that&nbsp;<strong>justice demands transforming structures that facilitate evil<\/strong>.<\/p>\n\n\n\n<div style=\"height:21px\" aria-hidden=\"true\" class=\"wp-block-spacer\"><\/div>\n\n\n\n<p>Jesus recognized the power of the environment. When he said:\u00a0<em>\u201cThe tree is known by its fruit\u201d<\/em>\u00a0(<strong>Matthew 12:33<\/strong>), did not deny individual responsibility, but did point out that what is cultivated\u2014what is sown around a person\u2014determines the type of fruit that person will produce.<\/p>\n\n\n\n<div style=\"height:21px\" aria-hidden=\"true\" class=\"wp-block-spacer\"><\/div>\n\n\n\n<hr class=\"wp-block-separator has-alpha-channel-opacity\"\/>\n\n\n\n<h3 class=\"wp-block-heading\"><strong>Towards a Christian Bioethics of Youth Violence<\/strong><\/h3>\n\n\n\n<p>If we want to respond to youth violence in Puerto Rico, it's not enough to simply ask young people to \"behave.\" We need a bioethical, moral, and pastoral strategy that addresses external factors:<\/p>\n\n\n\n<div style=\"height:21px\" aria-hidden=\"true\" class=\"wp-block-spacer\"><\/div>\n\n\n\n<ul class=\"wp-block-list\">\n<li><strong>Family<\/strong>: support homes where respect, forgiveness, and nonviolent conflict resolution are modeled.<\/li>\n\n\n\n<li><strong>Educational Institutions<\/strong>: invest in moral training and emotional support programs.<\/li>\n\n\n\n<li><b>Congregations<\/b>: need to be safe spaces for discipleship, mentoring, and healing for at-risk youth.<\/li>\n\n\n\n<li><strong>Government and civil society<\/strong>: create public policies that reduce marginalization, unemployment, and exposure to everyday violence.<\/li>\n<\/ul>\n\n\n\n<hr class=\"wp-block-separator has-alpha-channel-opacity\"\/>\n\n\n\n<h3 class=\"wp-block-heading\"><strong>Call to Action<\/strong><\/h3>\n\n\n\n<p>Youth violence is not simply an individual failing, nor is it an inevitable destiny. It is the result of complex interactions between the human heart and its environment. As Christians and as a society, we are called to&nbsp;<strong>intervene both inside the person and in the conditions that surround them<\/strong>.<\/p>\n\n\n\n<div style=\"height:21px\" aria-hidden=\"true\" class=\"wp-block-spacer\"><\/div>\n\n\n\n<ul class=\"wp-block-list\">\n<li>To the&nbsp;<strong>parents<\/strong>: Model by your example what it means to live with mercy and justice.<\/li>\n\n\n\n<li class=\" translation-block\">To the <strong>churches<\/strong>: accompany and disciple, don't just condemn.<\/li>\n\n\n\n<li>To&nbsp;<strong>our schools<\/strong>: teach not only academic content, but also life and coexistence skills.<\/li>\n\n\n\n<li>To the\u00a0<strong><strong>policymakers<\/strong><\/strong>: creen ambientes que fomenten oportunidades y reduzcan la violencia estructural.<\/li>\n<\/ul>\n\n\n\n<div style=\"height:21px\" aria-hidden=\"true\" class=\"wp-block-spacer\"><\/div>\n\n\n\n<p>Christian bioethics reminds us that human life is sacred and that every young person deserves an environment that nurtures their dignity. In the words of the prophet:\u00a0<em>\u201cLearn to do good; seek justice; help the oppressed.\u201d<\/em>\u00a0(<strong>Isaiah 1:17<\/strong>). This is the path to a more just and sustainable society.<\/p>\n\n\n\n<p><\/p>","protected":false},"excerpt":{"rendered":"<p>In Puerto Rico, the controversy over the causes of youth violence continues. Many argue that the problem lies solely in a lack of personal responsibility: young people who failed to make the right choices. But reducing the explanation to this factor ignores something fundamental: the environment also shapes human behavior.<\/p>","protected":false},"author":1,"featured_media":3479,"comment_status":"open","ping_status":"open","sticky":false,"template":"","format":"standard","meta":{"_uag_custom_page_level_css":"","site-sidebar-layout":"default","site-content-layout":"","ast-site-content-layout":"default","site-content-style":"default","site-sidebar-style":"default","ast-global-header-display":"","ast-banner-title-visibility":"","ast-main-header-display":"","ast-hfb-above-header-display":"","ast-hfb-below-header-display":"","ast-hfb-mobile-header-display":"","site-post-title":"","ast-breadcrumbs-content":"","ast-featured-img":"","footer-sml-layout":"","ast-disable-related-posts":"","theme-transparent-header-meta":"","adv-header-id-meta":"","stick-header-meta":"","header-above-stick-meta":"","header-main-stick-meta":"","header-below-stick-meta":"","astra-migrate-meta-layouts":"set","ast-page-background-enabled":"default","ast-page-background-meta":{"desktop":{"background-color":"var(--ast-global-color-4)","background-image":"","background-repeat":"repeat","background-position":"center center","background-size":"auto","background-attachment":"scroll","background-type":"","background-media":"","overlay-type":"","overlay-color":"","overlay-opacity":"","overlay-gradient":""},"tablet":{"background-color":"","background-image":"","background-repeat":"repeat","background-position":"center center","background-size":"auto","background-attachment":"scroll","background-type":"","background-media":"","overlay-type":"","overlay-color":"","overlay-opacity":"","overlay-gradient":""},"mobile":{"background-color":"","background-image":"","background-repeat":"repeat","background-position":"center center","background-size":"auto","background-attachment":"scroll","background-type":"","background-media":"","overlay-type":"","overlay-color":"","overlay-opacity":"","overlay-gradient":""}},"ast-content-background-meta":{"desktop":{"background-color":"var(--ast-global-color-5)","background-image":"","background-repeat":"repeat","background-position":"center center","background-size":"auto","background-attachment":"scroll","background-type":"","background-media":"","overlay-type":"","overlay-color":"","overlay-opacity":"","overlay-gradient":""},"tablet":{"background-color":"var(--ast-global-color-5)","background-image":"","background-repeat":"repeat","background-position":"center center","background-size":"auto","background-attachment":"scroll","background-type":"","background-media":"","overlay-type":"","overlay-color":"","overlay-opacity":"","overlay-gradient":""},"mobile":{"background-color":"var(--ast-global-color-5)","background-image":"","background-repeat":"repeat","background-position":"center center","background-size":"auto","background-attachment":"scroll","background-type":"","background-media":"","overlay-type":"","overlay-color":"","overlay-opacity":"","overlay-gradient":""}},"_jetpack_memberships_contains_paid_content":false,"footnotes":"","jetpack_publicize_message":"","jetpack_publicize_feature_enabled":true,"jetpack_social_post_already_shared":true,"jetpack_social_options":{"image_generator_settings":{"template":"highway","default_image_id":0,"font":"","enabled":false},"version":2}},"categories":[24,29],"tags":[],"class_list":["post-3476","post","type-post","status-publish","format-standard","has-post-thumbnail","hentry","category-bioetica-teologica","category-fundamentos-bioeticos"],"jetpack_publicize_connections":[],"jetpack_featured_media_url":"https:\/\/i0.wp.com\/bioetica.net\/wp-content\/uploads\/2025\/08\/BA91226C-487D-4AB1-AFF9-AE50408EC85D.png?fit=1536%2C1024&ssl=1","uagb_featured_image_src":{"full":["https:\/\/i0.wp.com\/bioetica.net\/wp-content\/uploads\/2025\/08\/BA91226C-487D-4AB1-AFF9-AE50408EC85D.png?fit=1536%2C1024&ssl=1",1536,1024,false],"thumbnail":["https:\/\/i0.wp.com\/bioetica.net\/wp-content\/uploads\/2025\/08\/BA91226C-487D-4AB1-AFF9-AE50408EC85D.png?resize=150%2C150&ssl=1",150,150,true],"medium":["https:\/\/i0.wp.com\/bioetica.net\/wp-content\/uploads\/2025\/08\/BA91226C-487D-4AB1-AFF9-AE50408EC85D.png?fit=300%2C200&ssl=1",300,200,true],"medium_large":["https:\/\/i0.wp.com\/bioetica.net\/wp-content\/uploads\/2025\/08\/BA91226C-487D-4AB1-AFF9-AE50408EC85D.png?fit=768%2C512&ssl=1",768,512,true],"large":["https:\/\/i0.wp.com\/bioetica.net\/wp-content\/uploads\/2025\/08\/BA91226C-487D-4AB1-AFF9-AE50408EC85D.png?fit=1024%2C683&ssl=1",1024,683,true],"1536x1536":["https:\/\/i0.wp.com\/bioetica.net\/wp-content\/uploads\/2025\/08\/BA91226C-487D-4AB1-AFF9-AE50408EC85D.png?fit=1536%2C1024&ssl=1",1536,1024,true],"2048x2048":["https:\/\/i0.wp.com\/bioetica.net\/wp-content\/uploads\/2025\/08\/BA91226C-487D-4AB1-AFF9-AE50408EC85D.png?fit=1536%2C1024&ssl=1",1536,1024,true],"trp-custom-language-flag":["https:\/\/i0.wp.com\/bioetica.net\/wp-content\/uploads\/2025\/08\/BA91226C-487D-4AB1-AFF9-AE50408EC85D.png?fit=18%2C12&ssl=1",18,12,true],"woocommerce_thumbnail":["https:\/\/i0.wp.com\/bioetica.net\/wp-content\/uploads\/2025\/08\/BA91226C-487D-4AB1-AFF9-AE50408EC85D.png?resize=300%2C300&ssl=1",300,300,true],"woocommerce_single":["https:\/\/i0.wp.com\/bioetica.net\/wp-content\/uploads\/2025\/08\/BA91226C-487D-4AB1-AFF9-AE50408EC85D.png?fit=600%2C400&ssl=1",600,400,true],"woocommerce_gallery_thumbnail":["https:\/\/i0.wp.com\/bioetica.net\/wp-content\/uploads\/2025\/08\/BA91226C-487D-4AB1-AFF9-AE50408EC85D.png?resize=100%2C100&ssl=1",100,100,true]},"uagb_author_info":{"display_name":"Samuel Luis Caraballo","author_link":"https:\/\/bioetica.net\/en\/author\/caraballo-samuelgmail-com\/"},"uagb_comment_info":15,"uagb_excerpt":"En Puerto Rico contin\u00faa la controversia sobre las causas de la violencia juvenil. Muchos argumentan que el problema radica \u00fanicamente en la falta de responsabilidad personal: j\u00f3venes que no supieron escoger lo correcto. Pero reducir la explicaci\u00f3n a este factor es ignorar algo fundamental:\u00a0el ambiente tambi\u00e9n moldea la conducta humana.","jetpack_sharing_enabled":true,"jetpack_likes_enabled":true,"_links":{"self":[{"href":"https:\/\/bioetica.net\/en\/wp-json\/wp\/v2\/posts\/3476","targetHints":{"allow":["GET"]}}],"collection":[{"href":"https:\/\/bioetica.net\/en\/wp-json\/wp\/v2\/posts"}],"about":[{"href":"https:\/\/bioetica.net\/en\/wp-json\/wp\/v2\/types\/post"}],"author":[{"embeddable":true,"href":"https:\/\/bioetica.net\/en\/wp-json\/wp\/v2\/users\/1"}],"replies":[{"embeddable":true,"href":"https:\/\/bioetica.net\/en\/wp-json\/wp\/v2\/comments?post=3476"}],"version-history":[{"count":8,"href":"https:\/\/bioetica.net\/en\/wp-json\/wp\/v2\/posts\/3476\/revisions"}],"predecessor-version":[{"id":3571,"href":"https:\/\/bioetica.net\/en\/wp-json\/wp\/v2\/posts\/3476\/revisions\/3571"}],"wp:featuredmedia":[{"embeddable":true,"href":"https:\/\/bioetica.net\/en\/wp-json\/wp\/v2\/media\/3479"}],"wp:attachment":[{"href":"https:\/\/bioetica.net\/en\/wp-json\/wp\/v2\/media?parent=3476"}],"wp:term":[{"taxonomy":"category","embeddable":true,"href":"https:\/\/bioetica.net\/en\/wp-json\/wp\/v2\/categories?post=3476"},{"taxonomy":"post_tag","embeddable":true,"href":"https:\/\/bioetica.net\/en\/wp-json\/wp\/v2\/tags?post=3476"}],"curies":[{"name":"wp","href":"https:\/\/api.w.org\/{rel}","templated":true}]}}