{"id":3657,"date":"2025-09-08T19:08:18","date_gmt":"2025-09-08T19:08:18","guid":{"rendered":"https:\/\/bioetica.net\/?p=3657"},"modified":"2025-09-08T19:16:55","modified_gmt":"2025-09-08T19:16:55","slug":"jesus-androgino-lenguaje-inclusivo-iglesia","status":"publish","type":"post","link":"https:\/\/bioetica.net\/en\/jesus-androgino-lenguaje-inclusivo-iglesia\/","title":{"rendered":"Creer en un Jes\u00fas andr\u00f3gino: \u00bfrequisito para ser ministro?"},"content":{"rendered":"<div class=\"wp-block-group is-layout-constrained wp-block-group-is-layout-constrained\">\n<h3><b>Cuando tu fe se enfrenta al \u00abJes\u00fas andr\u00f3gino\u00bb y el lenguaje inclusivo en la iglesia<\/b><\/h3>\n<blockquote>\n<p class=\"p1\">\"<em>\u00bfY por qu\u00e9 usas pronombres masculinos para referirte a Dios?<\/em>\u201d<\/p>\n<\/blockquote>\n<p class=\"p1\">La pregunta vino con tono molesto de una de las ancianas gobernantes en el comit\u00e9 de preparaci\u00f3n ministerial. Yo estaba compartiendo mi declaraci\u00f3n de fe y esperaba conversar sobre la autoridad de la Escritura o la misi\u00f3n de la iglesia. Pero no. La prioridad del momento era el lenguaje inclusivo. Despu\u00e9s de un silencio inc\u00f3modo, la misma a\u00f1adi\u00f3: \u201c<em>como denominaci\u00f3n estamos cambiando todas las referencias masculinas de Dios por pronombres neutros.<\/em>\u201d<\/p>\n<p class=\"p1\">Confieso que me entristeci\u00f3. No porque la pregunta sea irrelevante en la cultura actual\u2014entiendo la sensibilidad\u2014sino porque revela el orden de prioridades. Yo hubiera preferido dialogar sobre la visi\u00f3n de Bullinger en la Segunda Confesi\u00f3n Helv\u00e9tica, pero tuve que comenzar por lo m\u00e1s b\u00e1sico: el \u201cproblema\u201d de los pronombres masculinos no lo inventamos nosotros, lo introdujo Jes\u00fas.<\/p>\n<blockquote>\n<p><strong>\u00abConoce m\u00e1s acerca de la <a href=\"https:\/\/bioetica.net\/mision\/\" target=\"_blank\" rel=\"noopener\">mission<\/a> de bioetica.net\u00bb<\/strong><\/p>\n<\/blockquote>\n<p class=\"p1\">\u00c9l llam\u00f3 a Dios \u201c<em>Abba<\/em>\u201d (Mc 14:36). \u00c9l nos mand\u00f3 a bautizar en el nombre del \u201c<em>Padre, del Hijo y del Esp\u00edritu Santo<\/em>\u201d (Mt 28:19). Y ense\u00f1\u00f3 a sus disc\u00edpulos a orar diciendo: \u201c<em>Padre nuestro<\/em>\u201d (Mt 6:9).<\/p>\n<p class=\"p3\"><b style=\"color: var(--ast-global-color-2); font-family: Poppins, sans-serif; font-size: 1.25rem; text-transform: capitalize; text-decoration: initial;\">Jes\u00fas y la realidad de llamar a Dios \u201cPadre\u201d<\/b><\/p>\n<p class=\"p3\">Jes\u00fas us\u00f3 m\u00e1s de 170 veces la palabra \u201c<em>Father<\/em>\" to speak of God. Saying \"Father\" does not mean that God is biologically male. Jesus himself stated that \"<em>God is Spirit<\/em>\" (John 4:24). But to deny that language is something else: it is to impose a cultural agenda on the witness of Christ.<\/p>\n<p class=\"p1\">Aqu\u00ed est\u00e1 la paradoja: la encarnaci\u00f3n afirma que el Hijo asumi\u00f3 carne real, sexuada, masculina. Que naci\u00f3 de una mujer, y no de una persona gestante. Que fue circuncidado a los 8 d\u00edas. Que muchas mujeres le siguieron y el les recibi\u00f3 con dignidad sin tener que rebajar su masculinidad. Eso no es patriarcado, es cristolog\u00eda. Llamarle \u201cPadre\u201d al que engendr\u00f3 y envi\u00f3 a Jes\u00fas al mundo (Juan 3:16) no es un accidente ling\u00fc\u00edstico, es la forma en que el propio Cristo nos abri\u00f3 la puerta a la comuni\u00f3n con la esencia trinitaria de Dios.<\/p>\n<h3><b>C\u00f3mo entr\u00f3 la ideolog\u00eda de g\u00e9nero en los seminarios y Las Denominaciones Protestantes<\/b><\/h3>\n<p class=\"p1\">No es la primera vez que me topo con intentos de borrar la masculinidad del evangelio. A\u00f1os atr\u00e1s, una profesora en Yale pas\u00f3 un semestre intentando convencerme de que Cristo se encarn\u00f3 como un ser andr\u00f3gino para \u201c<em>desestabilizar identidades de g\u00e9nero.<\/em>\u201d Seg\u00fan ella, esa era la clave para entender G\u00e1latas 3:28. Todav\u00eda me cuesta imaginar la cara de Pablo al escuchar semejante argumento.<\/p>\n<p class=\"p1\">Hoy esa l\u00f3gica se ha institucionalizado. En algunos comit\u00e9s ministeriales ya no basta con afirmar la Trinidad. Tambi\u00e9n se espera que uses t\u00e9rminos neutros como \u201csiblings\u201d en Ingl\u00e9s y \u00abhermanes\u00bb en vez de hermanos o hermanas, porque alguien podr\u00eda no identificarse con ninguno de los dos g\u00e9neros. Y si tu visi\u00f3n del ministerio no acomoda las 72 identidades de g\u00e9nero reconocidas por la pol\u00edtica de no-discriminaci\u00f3n de mi denominaci\u00f3n, est\u00e1s en problemas.<\/p>\n<h3><b>Feminismo teol\u00f3gico: de Mary Daly a Virginia Mollenkott<\/b><\/h3>\n<p class=\"p3\">Mary Daly en <i>Beyond God the Father<\/i> (1973) escribi\u00f3: \u201c<em>Si Dios es hombre, entonces el hombre es Dios<\/em>.\u201d Her proposal was to feminize the Father or castrate him. Virginia Mollenkott, in <i>The Divine Feminine<\/i> (1983), sugiri\u00f3 que Jes\u00fas pod\u00eda verse como andr\u00f3gino y que hab\u00eda que eliminar pronombres masculinos de la Biblia.<\/p>\n<p class=\"p3\">El problema es doble:<\/p>\n<ol start=\"1\">\n<li>\n<p class=\"p1\">Imponen un sesgo ideol\u00f3gico sobre la Escritura.<\/p>\n<\/li>\n<li>\n<p class=\"p1\">Crean iron\u00edas: en nombre de la inclusi\u00f3n, los espacios de mujeres en ministerios ahora pueden ser desplazados por hombres que se autoperciban como mujeres.<\/p>\n<\/li>\n<\/ol>\n<h3><b>\u00bfEl lenguaje inclusivo sana el trauma espiritual?<\/b><\/h3>\n<p class=\"p3\">Seamos claros: para algunos, la palabra \u201cpadre\u201d trae dolor. Lo reconozco. Pero borrar esa palabra no sana. Como tampoco borrar la cruz elimina su trauma. La sanidad viene de conocer al Padre que no traiciona.<\/p>\n<p class=\"p3\">Y si el truco fuera tener deidades en todos los g\u00e9neros, ya lo sabr\u00edamos. El hinduismo tiene dioses masculinos, femeninos y andr\u00f3ginos como Ardhanarishvara. La Grecia antigua ten\u00eda a Zeus, Artemisa y Hermaphrodito. \u00bfTrajo esto justicia de g\u00e9nero en esas culturas? No. El problema no es el g\u00e9nero de la deidad, sino el coraz\u00f3n del ser humano.<\/p>\n<h3><b>La encarnaci\u00f3n: la buena noticia que nadie puede neutralizar<\/b><\/h3>\n<p class=\"p3\">El Credo Niceno lo deja claro: Cristo es \u201c<em>engendrado, no creado, consustancial con el Padre<\/em>.\u201d Y como dijo <a href=\"https:\/\/es.wikipedia.org\/wiki\/Gregorio_Nacianceno\" target=\"_blank\" rel=\"noopener\">Gregorio Nacianceno:<\/a> <i>\"<\/i><em>Lo que no se asume, no se cura.<\/em><i>\u201d<\/i> Cristo asumi\u00f3 carne masculina y desde all\u00ed elev\u00f3 tambi\u00e9n a la mujer.<\/p>\n<p class=\"p3\">Jes\u00fas no neg\u00f3 su masculinidad, la us\u00f3 para liberar a las mujeres de su tiempo: las incluy\u00f3, les confi\u00f3 la noticia de su resurrecci\u00f3n antes que a los varones y las trat\u00f3 con dignidad. Esa masculinidad redentora no es t\u00f3xica, es sanadora.<\/p>\n<p class=\"p3\">Fred Sanders en <i>The Deep Things of God<\/i> explica que la relaci\u00f3n Padre-Hijo no es dominaci\u00f3n, sino amor y mutua glorificaci\u00f3n. Y Juliana de Norwich record\u00f3 que junto a esa paternidad podemos reconocer la ternura maternal de Dios.<\/p>\n<h3><b>Por qu\u00e9 negar la masculinidad de Jes\u00fas es peligroso<\/b><\/h3>\n<p class=\"p1\">El intento de neutralizar o androginar a Cristo no es una correcci\u00f3n necesaria, es un regreso al docetismo y al gnosticismo que la iglesia ya combati\u00f3. Cristo no es met\u00e1fora; es el Logos encarnado.<\/p>\n<p class=\"p1\">S\u00ed, Dios es Esp\u00edritu. Pero el Hijo eterno se hizo carne como var\u00f3n. Y nos ense\u00f1\u00f3 la belleza de llamar a la primera persona de la Trinidad \u00ab<em>Abba<\/em>\u00ab. Negar esa realidad hist\u00f3rica no solo vac\u00eda la encarnaci\u00f3n de su esc\u00e1ndalo, sino que tambi\u00e9n le roba al evangelio su belleza.<\/p>\n<p class=\"p1\">Por eso sigo confesando, aunque me cueste puntos en entrevistas y procesos: <strong>creo en Dios Padre, en Jesucristo su Hijo, y en el Esp\u00edritu Santo<\/strong>. Esa confesi\u00f3n no es patriarcado, es fidelidad. Y en tiempos de confusi\u00f3n, esa fidelidad es la \u00fanica esperanza para hombres y mujeres que esperan su regreso.<\/p>\n<hr \/>\n<h3>\u00a0<\/h3>\n<h3><b>Fuentes y Notas<\/b><\/h3>\n<ol start=\"1\">\n<li>\n<p class=\"p1\">Mary Daly, <i>Beyond God the Father<\/i> (Boston: Beacon Press, 1973).<\/p>\n<\/li>\n<li>\n<p class=\"p1\">Virginia Ramey Mollenkott, <i>The Divine Feminine: The Biblical Imagery of God as Female<\/i> (New York: Crossroad, 1983).<\/p>\n<\/li>\n<li>\n<p class=\"p1\">Gregorio Nacianceno: \u201cFor that which He has not assumed, He has not healed\u201d (Oration 45, <i>On Holy Pascha<\/i>).<\/p>\n<\/li>\n<li>\n<p class=\"p1\">Fred Sanders, <i>The Deep Things of God: How the Trinity Changes Everything<\/i> (2nd ed., Wheaton: Crossway, 2017).<\/p>\n<\/li>\n<li>\n<p class=\"p1\">Julian of Norwich, <i>Revelations of Divine Love<\/i> (c. 1395), Cap\u00edtulo 59.<\/p>\n<\/li>\n<\/ol>\n<\/div>","protected":false},"excerpt":{"rendered":"<p>\u201c\u00bfY por qu\u00e9 usas pronombres masculinos para referirte a Dios?\u201d\u2014me pregunt\u00f3 con mucha molestia la miembro del comit\u00e9 evaluador de preparaci\u00f3n ministerial mientras me escuchaba compartir mi declaraci\u00f3n de fe. Despu\u00e9s de su inc\u00f3moda pausa, vuelve y riposta la letrada diciendo que\u2014\u201ccomo denominaci\u00f3n estamos en el proceso de cambiar todas las referencias masculinas de Dios con pronombres neutros\u201d.<\/p>","protected":false},"author":1,"featured_media":3667,"comment_status":"open","ping_status":"open","sticky":false,"template":"","format":"standard","meta":{"_uag_custom_page_level_css":"","site-sidebar-layout":"default","site-content-layout":"","ast-site-content-layout":"default","site-content-style":"default","site-sidebar-style":"default","ast-global-header-display":"","ast-banner-title-visibility":"","ast-main-header-display":"","ast-hfb-above-header-display":"","ast-hfb-below-header-display":"","ast-hfb-mobile-header-display":"","site-post-title":"","ast-breadcrumbs-content":"","ast-featured-img":"","footer-sml-layout":"","ast-disable-related-posts":"","theme-transparent-header-meta":"","adv-header-id-meta":"","stick-header-meta":"","header-above-stick-meta":"","header-main-stick-meta":"","header-below-stick-meta":"","astra-migrate-meta-layouts":"set","ast-page-background-enabled":"default","ast-page-background-meta":{"desktop":{"background-color":"var(--ast-global-color-4)","background-image":"","background-repeat":"repeat","background-position":"center center","background-size":"auto","background-attachment":"scroll","background-type":"","background-media":"","overlay-type":"","overlay-color":"","overlay-opacity":"","overlay-gradient":""},"tablet":{"background-color":"","background-image":"","background-repeat":"repeat","background-position":"center center","background-size":"auto","background-attachment":"scroll","background-type":"","background-media":"","overlay-type":"","overlay-color":"","overlay-opacity":"","overlay-gradient":""},"mobile":{"background-color":"","background-image":"","background-repeat":"repeat","background-position":"center center","background-size":"auto","background-attachment":"scroll","background-type":"","background-media":"","overlay-type":"","overlay-color":"","overlay-opacity":"","overlay-gradient":""}},"ast-content-background-meta":{"desktop":{"background-color":"var(--ast-global-color-5)","background-image":"","background-repeat":"repeat","background-position":"center center","background-size":"auto","background-attachment":"scroll","background-type":"","background-media":"","overlay-type":"","overlay-color":"","overlay-opacity":"","overlay-gradient":""},"tablet":{"background-color":"var(--ast-global-color-5)","background-image":"","background-repeat":"repeat","background-position":"center center","background-size":"auto","background-attachment":"scroll","background-type":"","background-media":"","overlay-type":"","overlay-color":"","overlay-opacity":"","overlay-gradient":""},"mobile":{"background-color":"var(--ast-global-color-5)","background-image":"","background-repeat":"repeat","background-position":"center center","background-size":"auto","background-attachment":"scroll","background-type":"","background-media":"","overlay-type":"","overlay-color":"","overlay-opacity":"","overlay-gradient":""}},"_jetpack_memberships_contains_paid_content":false,"footnotes":"","jetpack_publicize_message":"\u201c\u00bfY por qu\u00e9 usas pronombres masculinos para referirte a Dios?\u201d\n\nLa pregunta vino con tono molesto de una de las ancianas gobernantes en el comit\u00e9 de preparaci\u00f3n ministerial. Yo estaba compartiendo mi declaraci\u00f3n de fe y esperaba conversar sobre la autoridad de la Escritura o la misi\u00f3n de la iglesia. \n\nDespu\u00e9s de un silencio inc\u00f3modo, la misma a\u00f1adi\u00f3: \u201ccomo denominaci\u00f3n estamos cambiando todas las referencias masculinas de Dios por pronombres neutros.\u201d\n","jetpack_publicize_feature_enabled":true,"jetpack_social_post_already_shared":true,"jetpack_social_options":{"image_generator_settings":{"template":"highway","default_image_id":0,"font":"","enabled":false},"version":2}},"categories":[24],"tags":[37],"class_list":["post-3657","post","type-post","status-publish","format-standard","has-post-thumbnail","hentry","category-bioetica-teologica","tag-sexualidad"],"jetpack_publicize_connections":[],"jetpack_featured_media_url":"https:\/\/i0.wp.com\/bioetica.net\/wp-content\/uploads\/2025\/09\/346AED2E-BCB7-426F-935A-F63D349303FF.png?fit=1200%2C800&ssl=1","uagb_featured_image_src":{"full":["https:\/\/i0.wp.com\/bioetica.net\/wp-content\/uploads\/2025\/09\/346AED2E-BCB7-426F-935A-F63D349303FF.png?fit=1200%2C800&ssl=1",1200,800,false],"thumbnail":["https:\/\/i0.wp.com\/bioetica.net\/wp-content\/uploads\/2025\/09\/346AED2E-BCB7-426F-935A-F63D349303FF.png?resize=150%2C150&ssl=1",150,150,true],"medium":["https:\/\/i0.wp.com\/bioetica.net\/wp-content\/uploads\/2025\/09\/346AED2E-BCB7-426F-935A-F63D349303FF.png?fit=300%2C200&ssl=1",300,200,true],"medium_large":["https:\/\/i0.wp.com\/bioetica.net\/wp-content\/uploads\/2025\/09\/346AED2E-BCB7-426F-935A-F63D349303FF.png?fit=768%2C512&ssl=1",768,512,true],"large":["https:\/\/i0.wp.com\/bioetica.net\/wp-content\/uploads\/2025\/09\/346AED2E-BCB7-426F-935A-F63D349303FF.png?fit=1024%2C683&ssl=1",1024,683,true],"1536x1536":["https:\/\/i0.wp.com\/bioetica.net\/wp-content\/uploads\/2025\/09\/346AED2E-BCB7-426F-935A-F63D349303FF.png?fit=1200%2C800&ssl=1",1200,800,true],"2048x2048":["https:\/\/i0.wp.com\/bioetica.net\/wp-content\/uploads\/2025\/09\/346AED2E-BCB7-426F-935A-F63D349303FF.png?fit=1200%2C800&ssl=1",1200,800,true],"trp-custom-language-flag":["https:\/\/i0.wp.com\/bioetica.net\/wp-content\/uploads\/2025\/09\/346AED2E-BCB7-426F-935A-F63D349303FF.png?fit=18%2C12&ssl=1",18,12,true],"woocommerce_thumbnail":["https:\/\/i0.wp.com\/bioetica.net\/wp-content\/uploads\/2025\/09\/346AED2E-BCB7-426F-935A-F63D349303FF.png?resize=300%2C300&ssl=1",300,300,true],"woocommerce_single":["https:\/\/i0.wp.com\/bioetica.net\/wp-content\/uploads\/2025\/09\/346AED2E-BCB7-426F-935A-F63D349303FF.png?fit=600%2C400&ssl=1",600,400,true],"woocommerce_gallery_thumbnail":["https:\/\/i0.wp.com\/bioetica.net\/wp-content\/uploads\/2025\/09\/346AED2E-BCB7-426F-935A-F63D349303FF.png?resize=100%2C100&ssl=1",100,100,true]},"uagb_author_info":{"display_name":"Samuel Luis Caraballo","author_link":"https:\/\/bioetica.net\/en\/author\/caraballo-samuelgmail-com\/"},"uagb_comment_info":11,"uagb_excerpt":"\u201c\u00bfY por qu\u00e9 usas pronombres masculinos para referirte a Dios?\u201d\u2014me pregunt\u00f3 con mucha molestia la miembro del comit\u00e9 evaluador de preparaci\u00f3n ministerial mientras me escuchaba compartir mi declaraci\u00f3n de fe. Despu\u00e9s de su inc\u00f3moda pausa, vuelve y riposta la letrada diciendo que\u2014\u201ccomo denominaci\u00f3n estamos en el proceso de cambiar todas las referencias masculinas de Dios&hellip;","jetpack_sharing_enabled":true,"jetpack_likes_enabled":true,"_links":{"self":[{"href":"https:\/\/bioetica.net\/en\/wp-json\/wp\/v2\/posts\/3657","targetHints":{"allow":["GET"]}}],"collection":[{"href":"https:\/\/bioetica.net\/en\/wp-json\/wp\/v2\/posts"}],"about":[{"href":"https:\/\/bioetica.net\/en\/wp-json\/wp\/v2\/types\/post"}],"author":[{"embeddable":true,"href":"https:\/\/bioetica.net\/en\/wp-json\/wp\/v2\/users\/1"}],"replies":[{"embeddable":true,"href":"https:\/\/bioetica.net\/en\/wp-json\/wp\/v2\/comments?post=3657"}],"version-history":[{"count":51,"href":"https:\/\/bioetica.net\/en\/wp-json\/wp\/v2\/posts\/3657\/revisions"}],"predecessor-version":[{"id":3711,"href":"https:\/\/bioetica.net\/en\/wp-json\/wp\/v2\/posts\/3657\/revisions\/3711"}],"wp:featuredmedia":[{"embeddable":true,"href":"https:\/\/bioetica.net\/en\/wp-json\/wp\/v2\/media\/3667"}],"wp:attachment":[{"href":"https:\/\/bioetica.net\/en\/wp-json\/wp\/v2\/media?parent=3657"}],"wp:term":[{"taxonomy":"category","embeddable":true,"href":"https:\/\/bioetica.net\/en\/wp-json\/wp\/v2\/categories?post=3657"},{"taxonomy":"post_tag","embeddable":true,"href":"https:\/\/bioetica.net\/en\/wp-json\/wp\/v2\/tags?post=3657"}],"curies":[{"name":"wp","href":"https:\/\/api.w.org\/{rel}","templated":true}]}}