{"id":3988,"date":"2025-10-06T15:00:00","date_gmt":"2025-10-06T15:00:00","guid":{"rendered":"https:\/\/bioetica.net\/?p=3988"},"modified":"2025-10-08T18:49:00","modified_gmt":"2025-10-08T18:49:00","slug":"vivir-sin-luz","status":"publish","type":"post","link":"https:\/\/bioetica.net\/en\/vivir-sin-luz\/","title":{"rendered":"\u00bfEs \u00c9tico Vivir sin Luz? Bio\u00e9tica, Energ\u00eda y Dignidad en Puerto Rico"},"content":{"rendered":"<h2 class=\"wp-block-heading\"><strong>Vivir Sin Luz<\/strong><\/h2>\n\n\n\n<blockquote class=\"wp-block-quote is-layout-flow wp-block-quote-is-layout-flow\">\n<p><strong>\u201cY dijo Dios: \u2018Sea la luz\u2019; y fue la luz.\u201d<\/strong> \u2014 <em>G\u00e9nesis 1:3<\/em><\/p>\n<\/blockquote>\n\n\n\n<p>Vivir sin luz&nbsp;no es una met\u00e1fora espiritual para muchas comunidades en Puerto Rico: es una experiencia concreta, repetida y desgastante. Los apagones extensos, el sistema el\u00e9ctrico inestable y la desigualdad en el acceso revelan una crisis que no es solo t\u00e9cnica, sino profundamente \u00e9tica.<\/p>\n\n\n\n<div style=\"height:19px\" aria-hidden=\"true\" class=\"wp-block-spacer\"><\/div>\n\n\n\n<p>En las Escrituras, la luz no es solo un fen\u00f3meno f\u00edsico, sino una se\u00f1al de orden, esperanza y vida. El primer acto creador de Dios fue precisamente la luz (G\u00e9nesis 1:3), porque sin ella no hay condiciones para sostener lo vivo. En nuestra \u00e9poca, la electricidad cumple una funci\u00f3n semejante: habilita salud, educaci\u00f3n, comunicaci\u00f3n, cuidado y dignidad.<\/p>\n\n\n\n<div style=\"height:19px\" aria-hidden=\"true\" class=\"wp-block-spacer\"><\/div>\n\n\n\n<figure class=\"wp-block-embed is-type-video is-provider-youtube wp-block-embed-youtube wp-embed-aspect-9-16 wp-has-aspect-ratio\"><div class=\"wp-block-embed__wrapper\">\n<iframe loading=\"lazy\" title=\"\u26a1 \u201cY dijo Dios: \u2018\u00a1Sea la luz!\u2019\u2026 \u00bfY si no la hay?\u201d  #Bio\u00e9ticaCristiana #bio\u00e9tica #Reflexi\u00f3nB\u00edblica\" width=\"422\" height=\"750\" src=\"https:\/\/www.youtube.com\/embed\/1RGtndWBtJ8?feature=oembed\" frameborder=\"0\" allow=\"accelerometer; autoplay; clipboard-write; encrypted-media; gyroscope; picture-in-picture; web-share\" referrerpolicy=\"strict-origin-when-cross-origin\" allowfullscreen><\/iframe>\n<\/div><\/figure>\n\n\n\n<p>Jes\u00fas dijo: \u201c<em>Yo he venido para que tengan vida, y para que la tengan en abundancia<\/em>\u201d (Juan 10:10). Esa vida abundante no se reduce al alma. Incluye el cuerpo, la casa, la comunidad. Por eso, cuando un pueblo vive con miedo constante de quedarse sin luz \u2014sin poder refrigerar sus medicinas, sin estudiar de noche, sin conectar con el mundo\u2014 la vida se encoge. Y eso, desde la fe, importa.<\/p>\n\n\n\n<div style=\"height:19px\" aria-hidden=\"true\" class=\"wp-block-spacer\"><\/div>\n\n\n\n<p>El profeta Isa\u00edas lo dijo con claridad: el verdadero ayuno no es ritual, sino justicia. Es compartir el pan, abrir el hogar, hacerse cargo del hermano (Isa\u00edas 58:6\u20138). Y cuando esto ocurre, dice el texto, \u201cnacer\u00e1 tu luz como el alba\u201d. Hoy, compartir la luz no es solo met\u00e1fora: es asegurar el acceso a lo esencial. Es un acto de justicia encarnada.<\/p>\n\n\n\n<div style=\"height:19px\" aria-hidden=\"true\" class=\"wp-block-spacer\"><\/div>\n\n\n\n<p>La realidad es que&nbsp;vivir sin luz&nbsp;en pleno siglo XXI no es una elecci\u00f3n, sino una imposici\u00f3n para miles de puertorrique\u00f1os. Y esa imposici\u00f3n deteriora la salud f\u00edsica, emocional y espiritual de nuestras comunidades.<\/p>\n\n\n\n<div style=\"height:19px\" aria-hidden=\"true\" class=\"wp-block-spacer\"><\/div>\n\n\n\n<p>Un estudio del&nbsp;<em>Natural Hazards Center<\/em>, titulado&nbsp;<em>\u201cImpact of Infrastructure Disruptions on Puerto Rican Household Capabilities, Health and Well\u2011Being\u201d<\/em>, documenta c\u00f3mo los cortes de electricidad afectan capacidades esenciales del hogar: conservar alimentos, refrigerar medicamentos, mantener temperatura adecuada y cuidar de personas vulnerables. Las familias reportaron p\u00e9rdidas econ\u00f3micas, ansiedad y deterioro emocional. (<a href=\"https:\/\/hazards.colorado.edu\/public-health-disaster-research\/impact-of-infrastructure-disruptions-on-puerto-rican-household-capabilities-health-and-well-being?utm_source=chatgpt.com\" target=\"_blank\" rel=\"noopener\">hazards.colorado.edu<\/a>)<\/p>\n\n\n\n<div style=\"height:19px\" aria-hidden=\"true\" class=\"wp-block-spacer\"><\/div>\n\n\n\n<p>Por su parte, el informe del&nbsp;<em>Institute for Energy Economics and Financial Analysis (IEEFA)<\/em>,&nbsp;<em>\u201cToward Electric System Sustainability in Puerto Rico\u201d<\/em>, advierte que los hogares puertorrique\u00f1os pagan m\u00e1s por un servicio cada vez m\u00e1s inestable. El documento propone una transformaci\u00f3n hacia fuentes renovables y generaci\u00f3n distribuida como soluci\u00f3n realista y \u00e9tica. (<a href=\"https:\/\/ieefa.org\/wp-content\/uploads\/2018\/02\/Toward-Electric-System-Sustainability-in-Puerto-Rico.pdf\" target=\"_blank\" rel=\"noopener\">ieefa.org<\/a>)<\/p>\n\n\n\n<div style=\"height:19px\" aria-hidden=\"true\" class=\"wp-block-spacer\"><\/div>\n\n\n\n<p><strong>Vivir sin luz<\/strong>&nbsp;no solo expone a enfermedades o accidentes: tambi\u00e9n limita el desarrollo, la educaci\u00f3n, el trabajo y la capacidad de florecer. Es una forma moderna de exclusi\u00f3n que muchas veces pasa desapercibida por quienes gozan de energ\u00eda constante.<\/p>\n\n\n\n<div style=\"height:19px\" aria-hidden=\"true\" class=\"wp-block-spacer\"><\/div>\n\n\n\n<p> <a href=\"https:\/\/bioetica.net\/justicia-ambiental\/\" data-type=\"link\" data-id=\"https:\/\/bioetica.net\/justicia-ambiental\/\">Explora m\u00e1s sobre la justicia ambienta y bio\u00e9tica aqu\u00ed<\/a><\/p>\n\n\n\n<hr class=\"wp-block-separator has-alpha-channel-opacity\"\/>\n\n\n\n<p>Pero no todo son malas noticias. Ya existen modelos locales que pueden guiarnos hacia soluciones \u00e9ticas y sostenibles.<\/p>\n\n\n\n<div style=\"height:19px\" aria-hidden=\"true\" class=\"wp-block-spacer\"><\/div>\n\n\n\n<p>Un ejemplo concreto es la <strong><a href=\"https:\/\/cooperativahidroelectrica.coop\" target=\"_blank\" rel=\"noopener\">Cooperativa Hidroel\u00e9ctrica de la Monta\u00f1a<\/a><\/strong>, la primera cooperativa el\u00e9ctrica en Puerto Rico. Ubicada en municipios como Adjuntas, Jayuya, Lares y Utuado, busca generar energ\u00eda limpia mediante microrredes solares e hidroel\u00e9ctricas que brinden resiliencia energ\u00e9tica incluso cuando falla la red central.<\/p>\n\n\n\n<div style=\"height:19px\" aria-hidden=\"true\" class=\"wp-block-spacer\"><\/div>\n\n\n\n<p>Asimismo, en la comunidad de <strong>Casta\u00f1er<\/strong>, el <em>Laboratorio Nacional de Energ\u00eda Renovable (NREL)<\/em> evalu\u00f3 la viabilidad de una microrred solar con almacenamiento para mejorar la autonom\u00eda energ\u00e9tica local. Este tipo de iniciativa no solo es t\u00e9cnica: es profundamente \u00e9tica, porque devuelve control y dignidad a comunidades hist\u00f3ricamente olvidadas. <a href=\"https:\/\/docs.nrel.gov\/docs\/fy22osti\/81877.pdf\" target=\"_blank\" rel=\"noreferrer noopener\">Lee el informe t\u00e9cnico del NREL sobre Casta\u00f1er aqu\u00ed<\/a><\/p>\n\n\n\n<div style=\"height:19px\" aria-hidden=\"true\" class=\"wp-block-spacer\"><\/div>\n\n\n\n<p>La pregunta es: \u00bfestamos dispuestos a dejar de ver como normal que tantos hermanos y hermanas vivan sin luz, mientras muchos de nosotros encendemos el interruptor de luz sin pensarlo?<\/p>\n\n\n\n<div style=\"height:19px\" aria-hidden=\"true\" class=\"wp-block-spacer\"><\/div>\n\n\n\n<p><strong><strong>\u00bfQu\u00e9 podemos hacer como cristianos comprometidos con la bio\u00e9tica?<\/strong><\/strong><\/p>\n\n\n\n<div style=\"height:19px\" aria-hidden=\"true\" class=\"wp-block-spacer\"><\/div>\n\n\n\n<p>\u2014 Apoyar pol\u00edticas p\u00fablicas que garanticen el acceso equitativo a energ\u00edas limpias.<\/p>\n\n\n\n<p>\u2014 Involucrarnos con proyectos locales de resiliencia comunitaria, como cooperativas o microrredes solares.<\/p>\n\n\n\n<p>\u2014 Comenzar a imaginar nuestras iglesias, templos y centros comunitarios como espacios energ\u00e9ticos seguros y solidarios en tiempos de crisis.<\/p>\n\n\n\n<p>\u2014 Educar sobre la relaci\u00f3n entre justicia energ\u00e9tica y dignidad humana, desde el discipulado hasta el p\u00falpito.<\/p>\n\n\n\n<p>\u2014 Orar, s\u00ed. Pero tambi\u00e9n encender peque\u00f1as luces donde m\u00e1s se necesita.<\/p>\n\n\n\n<div style=\"height:19px\" aria-hidden=\"true\" class=\"wp-block-spacer\"><\/div>\n\n\n\n<p><strong>Porque defender la vida tambi\u00e9n es defender el derecho a vivir con luz<\/strong>.<\/p>\n\n\n\n<div style=\"height:19px\" aria-hidden=\"true\" class=\"wp-block-spacer\"><\/div>\n\n\n\n<p>\ud83d\udcf2 SUBSCRIBE TO OUR YOUTUBE CHANNEL: <a href=\"http:\/\/bioetica.tv\" target=\"_blank\" rel=\"noopener\">http:\/\/bioetica.tv<\/a> <br>\ud83d\udcd8 Download your FREE E-BOOK: <a href=\"https:\/\/subscribepage.io\/bioetica\" target=\"_blank\" rel=\"noopener\">https:\/\/subscribepage.io\/bioetica<\/a> <br>\ud83c\udf10 Visit us and learn about our mission: <a href=\"https:\/\/bioetica.net\/mision \">https:\/\/bioethics.life <\/a><\/p>","protected":false},"excerpt":{"rendered":"<p>Vivir sin luz no es una met\u00e1fora espiritual para muchas comunidades en Puerto Rico: es una experiencia concreta, repetida y desgastante. Los apagones extensos, el sistema el\u00e9ctrico inestable y la desigualdad en el acceso revelan una crisis que no es solo t\u00e9cnica, sino profundamente \u00e9tica.<\/p>","protected":false},"author":1,"featured_media":4005,"comment_status":"open","ping_status":"open","sticky":false,"template":"","format":"standard","meta":{"_uag_custom_page_level_css":"","site-sidebar-layout":"default","site-content-layout":"","ast-site-content-layout":"default","site-content-style":"default","site-sidebar-style":"default","ast-global-header-display":"","ast-banner-title-visibility":"","ast-main-header-display":"","ast-hfb-above-header-display":"","ast-hfb-below-header-display":"","ast-hfb-mobile-header-display":"","site-post-title":"","ast-breadcrumbs-content":"","ast-featured-img":"","footer-sml-layout":"","ast-disable-related-posts":"","theme-transparent-header-meta":"","adv-header-id-meta":"","stick-header-meta":"","header-above-stick-meta":"","header-main-stick-meta":"","header-below-stick-meta":"","astra-migrate-meta-layouts":"set","ast-page-background-enabled":"default","ast-page-background-meta":{"desktop":{"background-color":"var(--ast-global-color-4)","background-image":"","background-repeat":"repeat","background-position":"center center","background-size":"auto","background-attachment":"scroll","background-type":"","background-media":"","overlay-type":"","overlay-color":"","overlay-opacity":"","overlay-gradient":""},"tablet":{"background-color":"","background-image":"","background-repeat":"repeat","background-position":"center center","background-size":"auto","background-attachment":"scroll","background-type":"","background-media":"","overlay-type":"","overlay-color":"","overlay-opacity":"","overlay-gradient":""},"mobile":{"background-color":"","background-image":"","background-repeat":"repeat","background-position":"center center","background-size":"auto","background-attachment":"scroll","background-type":"","background-media":"","overlay-type":"","overlay-color":"","overlay-opacity":"","overlay-gradient":""}},"ast-content-background-meta":{"desktop":{"background-color":"var(--ast-global-color-5)","background-image":"","background-repeat":"repeat","background-position":"center center","background-size":"auto","background-attachment":"scroll","background-type":"","background-media":"","overlay-type":"","overlay-color":"","overlay-opacity":"","overlay-gradient":""},"tablet":{"background-color":"var(--ast-global-color-5)","background-image":"","background-repeat":"repeat","background-position":"center center","background-size":"auto","background-attachment":"scroll","background-type":"","background-media":"","overlay-type":"","overlay-color":"","overlay-opacity":"","overlay-gradient":""},"mobile":{"background-color":"var(--ast-global-color-5)","background-image":"","background-repeat":"repeat","background-position":"center center","background-size":"auto","background-attachment":"scroll","background-type":"","background-media":"","overlay-type":"","overlay-color":"","overlay-opacity":"","overlay-gradient":""}},"_jetpack_memberships_contains_paid_content":false,"footnotes":"","jetpack_publicize_message":"","jetpack_publicize_feature_enabled":true,"jetpack_social_post_already_shared":true,"jetpack_social_options":{"image_generator_settings":{"template":"highway","default_image_id":0,"font":"","enabled":false},"version":2}},"categories":[16],"tags":[20],"class_list":["post-3988","post","type-post","status-publish","format-standard","has-post-thumbnail","hentry","category-justicia-ambiental","tag-justicia-ambiental"],"jetpack_publicize_connections":[],"jetpack_featured_media_url":"https:\/\/i0.wp.com\/bioetica.net\/wp-content\/uploads\/2025\/10\/6FBA73C3-D534-4083-B668-A6B8FF6ED0F5.png?fit=1536%2C1024&ssl=1","uagb_featured_image_src":{"full":["https:\/\/i0.wp.com\/bioetica.net\/wp-content\/uploads\/2025\/10\/6FBA73C3-D534-4083-B668-A6B8FF6ED0F5.png?fit=1536%2C1024&ssl=1",1536,1024,false],"thumbnail":["https:\/\/i0.wp.com\/bioetica.net\/wp-content\/uploads\/2025\/10\/6FBA73C3-D534-4083-B668-A6B8FF6ED0F5.png?resize=150%2C150&ssl=1",150,150,true],"medium":["https:\/\/i0.wp.com\/bioetica.net\/wp-content\/uploads\/2025\/10\/6FBA73C3-D534-4083-B668-A6B8FF6ED0F5.png?fit=300%2C200&ssl=1",300,200,true],"medium_large":["https:\/\/i0.wp.com\/bioetica.net\/wp-content\/uploads\/2025\/10\/6FBA73C3-D534-4083-B668-A6B8FF6ED0F5.png?fit=768%2C512&ssl=1",768,512,true],"large":["https:\/\/i0.wp.com\/bioetica.net\/wp-content\/uploads\/2025\/10\/6FBA73C3-D534-4083-B668-A6B8FF6ED0F5.png?fit=1024%2C683&ssl=1",1024,683,true],"1536x1536":["https:\/\/i0.wp.com\/bioetica.net\/wp-content\/uploads\/2025\/10\/6FBA73C3-D534-4083-B668-A6B8FF6ED0F5.png?fit=1536%2C1024&ssl=1",1536,1024,true],"2048x2048":["https:\/\/i0.wp.com\/bioetica.net\/wp-content\/uploads\/2025\/10\/6FBA73C3-D534-4083-B668-A6B8FF6ED0F5.png?fit=1536%2C1024&ssl=1",1536,1024,true],"trp-custom-language-flag":["https:\/\/i0.wp.com\/bioetica.net\/wp-content\/uploads\/2025\/10\/6FBA73C3-D534-4083-B668-A6B8FF6ED0F5.png?fit=18%2C12&ssl=1",18,12,true],"woocommerce_thumbnail":["https:\/\/i0.wp.com\/bioetica.net\/wp-content\/uploads\/2025\/10\/6FBA73C3-D534-4083-B668-A6B8FF6ED0F5.png?resize=300%2C300&ssl=1",300,300,true],"woocommerce_single":["https:\/\/i0.wp.com\/bioetica.net\/wp-content\/uploads\/2025\/10\/6FBA73C3-D534-4083-B668-A6B8FF6ED0F5.png?fit=600%2C400&ssl=1",600,400,true],"woocommerce_gallery_thumbnail":["https:\/\/i0.wp.com\/bioetica.net\/wp-content\/uploads\/2025\/10\/6FBA73C3-D534-4083-B668-A6B8FF6ED0F5.png?resize=100%2C100&ssl=1",100,100,true]},"uagb_author_info":{"display_name":"Samuel Luis Caraballo","author_link":"https:\/\/bioetica.net\/en\/author\/caraballo-samuelgmail-com\/"},"uagb_comment_info":20,"uagb_excerpt":"Vivir sin luz no es una met\u00e1fora espiritual para muchas comunidades en Puerto Rico: es una experiencia concreta, repetida y desgastante. Los apagones extensos, el sistema el\u00e9ctrico inestable y la desigualdad en el acceso revelan una crisis que no es solo t\u00e9cnica, sino profundamente \u00e9tica.","jetpack_sharing_enabled":true,"jetpack_likes_enabled":true,"_links":{"self":[{"href":"https:\/\/bioetica.net\/en\/wp-json\/wp\/v2\/posts\/3988","targetHints":{"allow":["GET"]}}],"collection":[{"href":"https:\/\/bioetica.net\/en\/wp-json\/wp\/v2\/posts"}],"about":[{"href":"https:\/\/bioetica.net\/en\/wp-json\/wp\/v2\/types\/post"}],"author":[{"embeddable":true,"href":"https:\/\/bioetica.net\/en\/wp-json\/wp\/v2\/users\/1"}],"replies":[{"embeddable":true,"href":"https:\/\/bioetica.net\/en\/wp-json\/wp\/v2\/comments?post=3988"}],"version-history":[{"count":20,"href":"https:\/\/bioetica.net\/en\/wp-json\/wp\/v2\/posts\/3988\/revisions"}],"predecessor-version":[{"id":4012,"href":"https:\/\/bioetica.net\/en\/wp-json\/wp\/v2\/posts\/3988\/revisions\/4012"}],"wp:featuredmedia":[{"embeddable":true,"href":"https:\/\/bioetica.net\/en\/wp-json\/wp\/v2\/media\/4005"}],"wp:attachment":[{"href":"https:\/\/bioetica.net\/en\/wp-json\/wp\/v2\/media?parent=3988"}],"wp:term":[{"taxonomy":"category","embeddable":true,"href":"https:\/\/bioetica.net\/en\/wp-json\/wp\/v2\/categories?post=3988"},{"taxonomy":"post_tag","embeddable":true,"href":"https:\/\/bioetica.net\/en\/wp-json\/wp\/v2\/tags?post=3988"}],"curies":[{"name":"wp","href":"https:\/\/api.w.org\/{rel}","templated":true}]}}