{"id":4115,"date":"2025-11-07T15:18:00","date_gmt":"2025-11-07T15:18:00","guid":{"rendered":"https:\/\/bioetica.net\/?p=4115"},"modified":"2025-11-09T20:47:33","modified_gmt":"2025-11-09T20:47:33","slug":"aborto-en-puerto-rico-rodriguez-veve-proyecto-dignida","status":"publish","type":"post","link":"https:\/\/bioetica.net\/en\/aborto-en-puerto-rico-rodriguez-veve-proyecto-dignida\/","title":{"rendered":"\u00bfTraicion\u00f3 Rodr\u00edguez Veve la causa provida en el debate sobre el aborto en Puerto Rico?"},"content":{"rendered":"<p><em><strong>Una conversaci\u00f3n necesaria sobre aborto en Puerto Rico, el PS 693 y el PS 297<\/strong><\/em><\/p>\n\n\n\n<div style=\"height:20px\" aria-hidden=\"true\" class=\"wp-block-spacer\"><\/div>\n\n\n\n<p>Hay fuego en las trincheras conservadoras puertorrique\u00f1as. La que fue considerada&nbsp;<strong>la paladina de la causa provida<\/strong>,&nbsp;<strong><a href=\"https:\/\/en.wikipedia.org\/wiki\/Joanne_Rodr\u00edguez_Veve\" target=\"_blank\" rel=\"noreferrer noopener\">Joanne Rodr\u00edguez Veve<\/a><\/strong>, recientemente rompi\u00f3 su v\u00ednculo con el partido que le abri\u00f3 las puertas de la legislatura:&nbsp;<strong><a href=\"https:\/\/es.wikipedia.org\/wiki\/Proyecto_Dignidad\" target=\"_blank\" rel=\"noreferrer noopener\">Proyecto Dignidad<\/a><\/strong>.<\/p>\n\n\n\n<div style=\"height:20px\" aria-hidden=\"true\" class=\"wp-block-spacer\"><\/div>\n\n\n\n<p>Y en medio de ese sismo pol\u00edtico, surgieron m\u00faltiples voces dentro del movimiento provida que criticaron el que fuera su&nbsp;<strong>\u00faltimo proyecto legislativo bajo esa insignia: <a href=\"https:\/\/open.pluralpolicy.com\/pr\/bills\/2025-2028\/PS297\/\" target=\"_blank\" rel=\"noopener\">el Proyecto del Senado 297<\/a><\/strong>. Para algunos, este proyecto \u201clegitima\u201d la pr\u00e1ctica del aborto en la isla; para otros, representa un esfuerzo necesario de regulaci\u00f3n. Pero en el epicentro del dilema se encuentra&nbsp;<strong>una profunda falta de alineamiento<\/strong>&nbsp;entre la que era la \u00fanica senadora del Proyecto Dignidad y la \u00fanica representante del mismo partido en la C\u00e1mara de Representantes.<\/p>\n\n\n\n<div style=\"height:20px\" aria-hidden=\"true\" class=\"wp-block-spacer\"><\/div>\n\n\n\n<p>Seg\u00fan se alega, la versi\u00f3n del proyecto en el Senado&nbsp;<strong>baj\u00f3 por descargue<\/strong>, y al llegar a la C\u00e1mara, la representante&nbsp;<strong><a href=\"https:\/\/es.wikipedia.org\/wiki\/Lisie_Burgos_Mu\u00f1iz\" target=\"_blank\" rel=\"noreferrer noopener\">Lisie Burgos<\/a><\/strong>&nbsp;expres\u00f3&nbsp;<strong>una serie de reservas<\/strong>&nbsp;sobre la redacci\u00f3n del proyecto que \u2014seg\u00fan su relato\u2014 el equipo de la senadora se neg\u00f3 a discutir. Ah\u00ed surgi\u00f3&nbsp;<strong>el primer campanazo del conflicto<\/strong>, interpretado por el bando de Burgos como una actitud de falta de cooperaci\u00f3n por parte del equipo de Rodr\u00edguez Veve.<\/p>\n\n\n\n<div style=\"height:20px\" aria-hidden=\"true\" class=\"wp-block-spacer\"><\/div>\n\n\n\n<p>La disputa se agrav\u00f3 cuando la representante Burgos interpret\u00f3 que el&nbsp;<strong>Proyecto 297<\/strong>, sin las enmiendas que ella propon\u00eda,&nbsp;<strong>terminar\u00eda legitimando las cl\u00ednicas de aborto en Puerto Rico<\/strong>, las cuales \u2014seg\u00fan su propio criterio\u2014&nbsp;<strong>operan ilegalmente<\/strong>&nbsp;en la isla. Y aqu\u00ed el panorama se complica todav\u00eda m\u00e1s.<\/p>\n\n\n\n<div style=\"height:20px\" aria-hidden=\"true\" class=\"wp-block-spacer\"><\/div>\n\n\n\n<p>En la visi\u00f3n de Burgos, la derogaci\u00f3n de&nbsp;<em><a href=\"https:\/\/en.wikipedia.org\/wiki\/Roe_v._Wade\" target=\"_blank\" rel=\"noreferrer noopener\">Roe v. Wade<\/a><\/em>&nbsp;mediante el caso&nbsp;<em><a href=\"https:\/\/www.supremecourt.gov\/opinions\/21pdf\/19-1392_6j37.pdf\" target=\"_blank\" rel=\"noreferrer noopener\">Dobbs v. Jackson<\/a><\/em>&nbsp;<strong>catapult\u00f3 a Puerto Rico de vuelta a su<a href=\"https:\/\/bvirtualogp.pr.gov\/ogp\/Bvirtual\/leyesreferencia\/PDF\/Justicia\/146-2012\/146-2012.pdf\" target=\"_blank\" rel=\"noreferrer noopener\"> C\u00f3digo Penal<\/a><\/strong>, el cual tipifica el aborto como delito. Sin embargo, esta conclusi\u00f3n se sostiene sobre&nbsp;<strong>una interpretaci\u00f3n cuestionable<\/strong>&nbsp;de lo que&nbsp;<em>Dobbs<\/em>&nbsp;implica respecto a los cambios introducidos por el caso&nbsp;<em>Pueblo v. Duarte Mendoza<\/em>&nbsp;(1980).<\/p>\n\n\n\n<div style=\"height:20px\" aria-hidden=\"true\" class=\"wp-block-spacer\"><\/div>\n\n\n\n<p>Al parecer, Burgos entiende que, debido a que&nbsp;<em>Duarte Mendoza<\/em>&nbsp;utiliz\u00f3 premisas de&nbsp;<em>Roe v. Wade<\/em>,&nbsp;<strong>particularmente el argumento del derecho a la intimidad<\/strong>, la ca\u00edda de&nbsp;<em>Roe<\/em>&nbsp;tambi\u00e9n&nbsp;<strong>anul\u00f3 el precedente local de Duarte<\/strong>. Lo que no est\u00e1 del todo claro es si la representante Burgos comprende que el Tribunal Supremo de Puerto Rico, en&nbsp;<em>Pueblo v. Duarte Mendoza<\/em>&nbsp;(1980),&nbsp;<strong>interpret\u00f3 que el t\u00e9rmino \u201csalud\u201d inclu\u00eda tanto la salud f\u00edsica como la salud mental<\/strong>.<\/p>\n\n\n\n<div style=\"height:20px\" aria-hidden=\"true\" class=\"wp-block-spacer\"><\/div>\n\n\n\n<p>Esto significa que, bajo la jurisprudencia vigente,&nbsp;<strong>si un profesional m\u00e9dico determina que un embarazo no deseado est\u00e1 afectando la salud mental de su paciente<\/strong>, el procedimiento de aborto&nbsp;<strong>recibe el amparo constitucional reconocido por el Tribunal Supremo<\/strong>. En otras palabras, la protecci\u00f3n establecida en&nbsp;<em>Duarte Mendoza<\/em>&nbsp;<strong>no se limita a casos de riesgo f\u00edsico extremo<\/strong>, sino que tambi\u00e9n contempla el bienestar psicol\u00f3gico y emocional de la mujer como parte integral del concepto de salud.<\/p>\n\n\n\n<div style=\"height:20px\" aria-hidden=\"true\" class=\"wp-block-spacer\"><\/div>\n\n\n\n<p>Esa interpretaci\u00f3n \u2014m\u00e1s amplia y menos delimitada\u2014&nbsp;<strong>sigue siendo vinculante en Puerto Rico<\/strong>, a menos que el propio Tribunal Supremo local la revoque o la Asamblea Legislativa adopte una ley que la sustituya dentro del marco constitucional. Despu\u00e9s de todo,&nbsp;<strong>casi cualquier tipo de aborto podr\u00eda ser justificado bajo la premisa de un da\u00f1o psicol\u00f3gico a la paciente<\/strong>, lo cual convierte una excepci\u00f3n m\u00e9dica en una categor\u00eda abierta a la interpretaci\u00f3n.<\/p>\n\n\n\n<div style=\"height:20px\" aria-hidden=\"true\" class=\"wp-block-spacer\"><\/div>\n\n\n\n<p>Y, como era de esperarse,&nbsp;<strong>el sesgo moral de aquellos m\u00e9dicos dispuestos a proveer este tipo de procedimientos carece actualmente de todo escrutinio legal<\/strong>. Es por esta raz\u00f3n que, despu\u00e9s de&nbsp;<em>Dobbs<\/em>,&nbsp;<strong>Puerto Rico ha sido catalogado por varios medios como el \u201c<a href=\"https:\/\/wearethemeteor.com\/puerto-rico-is-the-last-abortion-haven-in-the-caribbean-closing\/\" target=\"_blank\" rel=\"noreferrer noopener nofollow\">abortion haven<\/a>\u201d de los Estados Unidos<\/strong>: un territorio donde la pr\u00e1ctica del aborto permanece legal, con escasas restricciones y amplias justificaciones amparadas en el concepto de salud mental.<\/p>\n\n\n\n<div style=\"height:20px\" aria-hidden=\"true\" class=\"wp-block-spacer\"><\/div>\n\n\n\n<p>Y es aqu\u00ed donde el problema deja de ser puramente legal y se convierte en un&nbsp;<strong><a href=\"https:\/\/bioetica.net\/mision\/\" target=\"_blank\" data-type=\"page\" data-id=\"1324\" rel=\"noreferrer noopener\">desaf\u00edo \u00e9tico profundo<\/a><\/strong>:<\/p>\n\n\n\n<p>\u00bfc\u00f3mo definir con rigor lo que constituye \u201csalud mental\u201d sin convertir la norma en un permiso generalizado para abortar? Esta pregunta no solo interpela al legislador, sino tambi\u00e9n a la conciencia moral de la isla y, en especial, a la comunidad m\u00e9dica llamada a ejercer discernimiento \u00e9tico en contextos de ambig\u00fcedad.<\/p>\n\n\n\n<hr class=\"wp-block-separator has-alpha-channel-opacity\"\/>\n\n\n\n<div class=\"wp-block-uagb-advanced-heading uagb-block-a05c8a6a\"><h3 class=\"uagb-heading-text\"><strong>1. En Puerto Rico, el aborto no se volvi\u00f3 ilegal despu\u00e9s de Dobbs<\/strong><\/h3><\/div>\n\n\n\n<div style=\"height:20px\" aria-hidden=\"true\" class=\"wp-block-spacer\"><\/div>\n\n\n\n<p>La base de esta discusi\u00f3n se encuentra en una decisi\u00f3n del a\u00f1o 1980:&nbsp;<strong>Pueblo v. Duarte Mendoza<\/strong>, 109 D.P.R. 596.<\/p>\n\n\n\n<p>En ese caso, el Tribunal Supremo de Puerto Rico determin\u00f3 que la decisi\u00f3n de una mujer de interrumpir un embarazo&nbsp;<strong>forma parte del derecho constitucional a la intimidad<\/strong>&nbsp;protegido por el Art\u00edculo II, Secci\u00f3n 8 de la Constituci\u00f3n puertorrique\u00f1a\u3010<a href=\"https:\/\/oig.cepal.org\/sites\/default\/files\/1980_jurisprudencia_109d.p.r.596_puertorico.pdf\" target=\"_blank\" rel=\"noreferrer noopener\">1980_jurisprudencia_109d.p.r.596_puertorico.pdf\u2020L599-L601<\/a>\u3011.<\/p>\n\n\n\n<div style=\"height:20px\" aria-hidden=\"true\" class=\"wp-block-spacer\"><\/div>\n\n\n\n<p>El Tribunal sostuvo que la doctrina sobre privacidad del derecho federal (casos&nbsp;<em>Roe v. Wade<\/em>,&nbsp;<em>Doe v. Bolton<\/em>&nbsp;and&nbsp;<em>United States v. Vuitch<\/em>) es&nbsp;<strong>aplicable a Puerto Rico<\/strong>, y que la intimidad es un&nbsp;<strong>derecho fundamental localmente reconocido<\/strong>\u3010<a href=\"https:\/\/oig.cepal.org\/sites\/default\/files\/1980_jurisprudencia_109d.p.r.596_puertorico.pdf\" target=\"_blank\" rel=\"noreferrer noopener\">1980_jurisprudencia_109d.p.r.596_puertorico.pdf\u2020L599-L601<\/a>\u3011.<\/p>\n\n\n\n<div style=\"height:20px\" aria-hidden=\"true\" class=\"wp-block-spacer\"><\/div>\n\n\n\n<p>Esa decisi\u00f3n&nbsp;<strong>anul\u00f3 las disposiciones del C\u00f3digo Penal<\/strong>&nbsp;que criminalizaban el aborto y dej\u00f3 establecido que, cuando es realizado por un m\u00e9dico bajo criterios profesionales,&nbsp;<strong>el aborto no constituye delito<\/strong>\u3010<a href=\"https:\/\/oig.cepal.org\/sites\/default\/files\/1980_jurisprudencia_109d.p.r.596_puertorico.pdf\" target=\"_blank\" rel=\"noreferrer noopener\">1980_jurisprudencia_109d.p.r.596_puertorico.pdf\u2020L607-L607<\/a>\u3011.<\/p>\n\n\n\n<div style=\"height:20px\" aria-hidden=\"true\" class=\"wp-block-spacer\"><\/div>\n\n\n\n<p>Por lo tanto:<\/p>\n\n\n\n<div style=\"height:20px\" aria-hidden=\"true\" class=\"wp-block-spacer\"><\/div>\n\n\n\n<ul class=\"wp-block-list\">\n<li>Desde 1980, el aborto es legal en Puerto Rico.<\/li>\n\n\n\n<li>Y la decisi\u00f3n&nbsp;<em>Dobbs<\/em>&nbsp;no cambi\u00f3 eso.<\/li>\n<\/ul>\n\n\n\n<p><strong>Dobbs<\/strong>&nbsp;elimin\u00f3 la protecci\u00f3n federal establecida por&nbsp;<em>Roe v. Wade<\/em>, pero&nbsp;<strong>no puede anular una interpretaci\u00f3n de la Constituci\u00f3n de Puerto Rico<\/strong>. El sistema judicial puertorrique\u00f1o es insular, con su propio Tribunal Supremo, y sus decisiones gozan de autonom\u00eda siempre que&nbsp;<strong>no entren en conflicto directo con normas o decisiones federales<\/strong>, como aclar\u00f3 el Tribunal Supremo de EE. UU. en&nbsp;<a href=\"https:\/\/en.wikipedia.org\/wiki\/Puerto_Rico_v._Sanchez_Valle\" target=\"_blank\" data-type=\"link\" data-id=\"https:\/\/en.wikipedia.org\/wiki\/Puerto_Rico_v._Sanchez_Valle\" rel=\"noreferrer noopener\"><em>Puerto Rico v. S\u00e1nchez Valle<\/em>&nbsp;(2016)<\/a>.<\/p>\n\n\n\n<div style=\"height:20px\" aria-hidden=\"true\" class=\"wp-block-spacer\"><\/div>\n\n\n\n<p>En aquel caso, el m\u00e1ximo foro federal determin\u00f3 que la autoridad \u00faltima de Puerto Rico deriva del Congreso, pero reconoci\u00f3 que&nbsp;<strong>su Constituci\u00f3n y su Tribunal Supremo tienen poder para interpretar derechos locales<\/strong>&nbsp;en asuntos que no contradicen la ley federal. Por eso, mientras&nbsp;<strong>Duarte Mendoza (1980)<\/strong>&nbsp;interprete el derecho a la intimidad como amparo constitucional para la pr\u00e1ctica del aborto \u2014y esa interpretaci\u00f3n no contradiga una ley federal vigente\u2014,&nbsp;<strong>el aborto en Puerto Rico sigue siendo legal<\/strong>, independientemente de los cambios ocurridos en el \u00e1mbito federal tras&nbsp;<em>Dobbs<\/em>.<\/p>\n\n\n\n<div style=\"height:20px\" aria-hidden=\"true\" class=\"wp-block-spacer\"><\/div>\n\n\n\n<p>Conviene aclarar que, aunque&nbsp;<em>Duarte<\/em>&nbsp;cit\u00f3&nbsp;<em>Roe v. Wade<\/em>,&nbsp;<strong>su fundamento jur\u00eddico no depende de la Constituci\u00f3n federal<\/strong>, sino de la&nbsp;<strong>Constituci\u00f3n de Puerto Rico<\/strong>.&nbsp;<em>Roe<\/em>&nbsp;fue una referencia doctrinal; la autoridad vinculante es local. Por eso, la derogaci\u00f3n de&nbsp;<em>Roe<\/em>&nbsp;no afecta la validez de&nbsp;<em>Duarte Mendoza<\/em>.<\/p>\n\n\n\n<hr class=\"wp-block-separator has-alpha-channel-opacity\"\/>\n\n\n\n<div class=\"wp-block-uagb-advanced-heading uagb-block-2c7ee738\"><h3 class=\"uagb-heading-text\"><strong>2. \u00bfPor qu\u00e9 algunos piensan que Dobbs criminaliz\u00f3 el aborto en la isla?<\/strong><\/h3><\/div>\n\n\n\n<div style=\"height:20px\" aria-hidden=\"true\" class=\"wp-block-spacer\"><\/div>\n\n\n\n<p>Porque se est\u00e1 aplicando la l\u00f3gica de los estados al caso de Puerto Rico. En los estados, Roe era la \u00fanica barrera que imped\u00eda la prohibici\u00f3n del aborto. Al caer, muchas legislaturas estatales reactivaron leyes restrictivas o \u201cleyes gatillo\u201d (trigger laws). En Puerto Rico, sin embargo, la protecci\u00f3n proviene del derecho local, no federal. Por eso, cuando cay\u00f3 Roe,&nbsp;<strong>no se activ\u00f3 nada<\/strong>, ni volvi\u00f3 a entrar en vigor el viejo C\u00f3digo Penal. El derecho a la intimidad reconocido en 1980 sigue vigente y con fuerza constitucional.<\/p>\n\n\n\n<hr class=\"wp-block-separator has-alpha-channel-opacity\"\/>\n\n\n\n<div class=\"wp-block-uagb-advanced-heading uagb-block-5904f0d7\"><h3 class=\"uagb-heading-text\"><strong>3. El PS 693: el proyecto que intent\u00f3 limitar el aborto (y confirm\u00f3 que sigue siendo legal)<\/strong><\/h3><\/div>\n\n\n\n<div style=\"height:20px\" aria-hidden=\"true\" class=\"wp-block-spacer\"><\/div>\n\n\n\n<p>Despu\u00e9s de&nbsp;<em>Dobbs<\/em>, Rodr\u00edguez Veve impuls\u00f3 junto a otros legisladores el&nbsp;<strong>Proyecto del Senado 693<\/strong>, que buscaba&nbsp;<strong>regular el aborto en Puerto Rico hasta las 22 semanas<\/strong>&nbsp;de gestaci\u00f3n, con excepciones en casos de riesgo a la vida o la salud de la madre. El proyecto gener\u00f3 amplio debate, pero&nbsp;<strong>nunca se convirti\u00f3 en ley<\/strong>. La C\u00e1mara de Representantes lo detuvo antes de su aprobaci\u00f3n final. Y aqu\u00ed est\u00e1 el detalle que muchos pasan por alto:<\/p>\n\n\n\n<div style=\"height:20px\" aria-hidden=\"true\" class=\"wp-block-spacer\"><\/div>\n\n\n\n<p><strong>Si el aborto hubiese sido ilegal despu\u00e9s de Dobbs, el PS 693 no habr\u00eda sido necesario.<\/strong><\/p>\n\n\n\n<p>Nadie propone regular lo que ya es un delito. El hecho mismo de presentar ese proyecto demuestra que los legisladores que lo impulsaron&nbsp;<strong>entend\u00edan que el aborto <strong>en Puerto Rico<\/strong><\/strong> <strong>segu\u00eda siendo legal <\/strong>, amparado por la decisi\u00f3n de&nbsp;<em>Duarte Mendoza<\/em>. El PS 693 intentaba establecer l\u00edmites gestacionales que hoy no existen, pero al fracasar,&nbsp;<strong>la situaci\u00f3n legal no cambi\u00f3<\/strong>. El aborto sigue siendo una pr\u00e1ctica m\u00e9dica legal en Puerto Rico sin l\u00edmite gestacional establecido por ley.<\/p>\n\n\n\n<hr class=\"wp-block-separator has-alpha-channel-opacity\"\/>\n\n\n\n<div class=\"wp-block-uagb-advanced-heading uagb-block-cf851aad\"><h3 class=\"uagb-heading-text\"><strong>4. \u00bfQui\u00e9n autoriza o legitima las cl\u00ednicas de aborto en Puerto Rico?<\/strong><\/h3><\/div>\n\n\n\n<div style=\"height:20px\" aria-hidden=\"true\" class=\"wp-block-spacer\"><\/div>\n\n\n\n<p>Otra fuente de confusi\u00f3n es la creencia de que las cl\u00ednicas \u201cno est\u00e1n autorizadas\u201d o \u201cfuncionan al margen de la ley\u201d.<\/p>\n\n\n\n<p>Nada m\u00e1s lejos de la realidad. Las cl\u00ednicas que ofrecen servicios de aborto operan de forma&nbsp;<strong>legal y regulada<\/strong>, bajo tres pilares:<\/p>\n\n\n\n<div style=\"height:20px\" aria-hidden=\"true\" class=\"wp-block-spacer\"><\/div>\n\n\n\n<ol start=\"1\" class=\"wp-block-list\">\n<li><strong>La Constituci\u00f3n de Puerto Rico<\/strong>, que protege la intimidad y, por tanto, la decisi\u00f3n m\u00e9dica privada.<\/li>\n\n\n\n<li><strong>La jurisprudencia del Tribunal Supremo (Duarte, 1980)<\/strong>, que declara inconstitucional penalizar el procedimiento\u30101980_jurisprudencia_109d.p.r.596_puertorico.pdf\u2020L607-L609\u3011.<\/li>\n\n\n\n<li><strong>El marco regulatorio del Departamento de Salud<\/strong>, que exige licencias y cumplimiento de normas sanitarias como cualquier otro centro m\u00e9dico.<\/li>\n<\/ol>\n\n\n\n<p>No existe una \u201clicencia de aborto\u201d porque&nbsp;<strong>no hace falta<\/strong>. El aborto, en s\u00ed mismo, no es delito; es un procedimiento m\u00e9dico amparado constitucionalmente.<\/p>\n\n\n\n<hr class=\"wp-block-separator has-alpha-channel-opacity\"\/>\n\n\n\n<div class=\"wp-block-uagb-advanced-heading uagb-block-d8ba5b9e\"><h3 class=\"uagb-heading-text\"><strong>5. \u00bfOperan ilegalmente estas cl\u00ednicas?<\/strong><\/h3><\/div>\n\n\n\n<div style=\"height:20px\" aria-hidden=\"true\" class=\"wp-block-spacer\"><\/div>\n\n\n\n<blockquote class=\"wp-block-quote is-layout-flow wp-block-quote-is-layout-flow\">\n<p><strong>No<\/strong>.<\/p>\n<\/blockquote>\n\n\n\n<div style=\"height:20px\" aria-hidden=\"true\" class=\"wp-block-spacer\"><\/div>\n\n\n\n<p>Las cl\u00ednicas solo ser\u00edan ilegales si ofrecieran un procedimiento prohibido por ley o si funcionaran sin licencias.<\/p>\n\n\n\n<p>Mientras cumplan con los requisitos m\u00e9dicos y sanitarios,&nbsp;<strong>operan dentro del marco legal vigente<\/strong>.<\/p>\n\n\n\n<p>Afirmar lo contrario no solo es incorrecto; contribuye a un clima de desinformaci\u00f3n que termina da\u00f1ando el debate p\u00fablico y confundiendo a la ciudadan\u00eda.<\/p>\n\n\n\n<hr class=\"wp-block-separator has-alpha-channel-opacity\"\/>\n\n\n\n<div class=\"wp-block-uagb-advanced-heading uagb-block-fa589710\"><h3 class=\"uagb-heading-text\"><strong>6. \u00bfY qu\u00e9 hay del PS 297? \u00bfLegaliza o legitima el aborto?<\/strong><\/h3><\/div>\n\n\n\n<div style=\"height:20px\" aria-hidden=\"true\" class=\"wp-block-spacer\"><\/div>\n\n\n\n<p>El&nbsp;<strong>Proyecto del Senado 297<\/strong>&nbsp;ha sido otro punto de controversia dentro del movimiento provida. Algunos han afirmado que \u201clegaliza\u201d o \u201cprotege\u201d el aborto.<\/p>\n\n\n\n<div style=\"height:20px\" aria-hidden=\"true\" class=\"wp-block-spacer\"><\/div>\n\n\n\n<blockquote class=\"wp-block-quote is-layout-flow wp-block-quote-is-layout-flow\">\n<p><strong>Eso es falso.<\/strong><\/p>\n<\/blockquote>\n\n\n\n<div style=\"height:20px\" aria-hidden=\"true\" class=\"wp-block-spacer\"><\/div>\n\n\n\n<p>El PS 297 no crea un nuevo derecho ni valida la pr\u00e1ctica.<\/p>\n\n\n\n<p>Lo que hace es&nbsp;<strong>regular el acceso al aborto para menores de 15 a\u00f1os<\/strong>, exigiendo:<\/p>\n\n\n\n<div style=\"height:20px\" aria-hidden=\"true\" class=\"wp-block-spacer\"><\/div>\n\n\n\n<ul class=\"wp-block-list\">\n<li>consentimiento parental,<\/li>\n\n\n\n<li>entrevistas forenses,<\/li>\n\n\n\n<li>referidos obligatorios,<\/li>\n\n\n\n<li>y penalidades para los m\u00e9dicos o proveedores que incumplan.<\/li>\n<\/ul>\n\n\n\n<p>Para regular algo, ese algo&nbsp;<strong>ya tiene que ser legal<\/strong>.<\/p>\n\n\n\n<p>El PS 297 simplemente establece controles adicionales sobre una pr\u00e1ctica que el Tribunal Supremo ya reconoci\u00f3 como protegida por la Constituci\u00f3n.<\/p>\n\n\n\n<hr class=\"wp-block-separator has-alpha-channel-opacity\"\/>\n\n\n\n<div class=\"wp-block-uagb-advanced-heading uagb-block-7358a683\"><h3 class=\"uagb-heading-text\"><strong>7. \u00bfY qu\u00e9 pasa con el anuncio de la nueva secretaria de Justicia?<\/strong><\/h3><\/div>\n\n\n\n<div style=\"height:20px\" aria-hidden=\"true\" class=\"wp-block-spacer\"><\/div>\n\n\n\n<p>En d\u00edas recientes, la nueva secretaria de Justicia anunci\u00f3 su intenci\u00f3n de \u201chacer valer el C\u00f3digo Penal\u201d en torno al aborto. Sin embargo,\u00a0<strong>esa postura carece de fundamento jur\u00eddico<\/strong>, porque las disposiciones penales sobre aborto fueron\u00a0<strong>declaradas inconstitucionales<\/strong>\u00a0por el Tribunal Supremo en\u00a0<em>Pueblo v. Duarte Mendoza<\/em>\u00a0(1980).<\/p>\n\n\n\n<div style=\"height:20px\" aria-hidden=\"true\" class=\"wp-block-spacer\"><\/div>\n\n\n\n<p>Mientras esa decisi\u00f3n est\u00e9 vigente,\u00a0<strong>ning\u00fan funcionario administrativo puede revivir ni aplicar esas normas<\/strong>\u00a0sin entrar en conflicto directo con un precedente constitucional. El Departamento de Justicia\u00a0<strong>no tiene autoridad para reinterpretar lo que el Tribunal Supremo ya resolvi\u00f3<\/strong>, y cualquier intento en esa direcci\u00f3n terminar\u00eda siendo objeto de impugnaci\u00f3n judicial.<\/p>\n\n\n\n<div style=\"height:20px\" aria-hidden=\"true\" class=\"wp-block-spacer\"><\/div>\n\n\n\n<p>Por eso, m\u00e1s all\u00e1 del discurso pol\u00edtico, la idea de \u201chacer valer el C\u00f3digo Penal\u201d frente al precedente de\u00a0<em>Duarte Mendoza<\/em><strong> no ha progresado jur\u00eddicamente<\/strong>, porque el aborto sigue siendo una pr\u00e1ctica m\u00e9dica legal bajo la Constituci\u00f3n de Puerto Rico.<\/p>\n\n\n\n<hr class=\"wp-block-separator has-alpha-channel-opacity\"\/>\n\n\n\n<h2 class=\"wp-block-heading\"><strong>Entonces, \u00bfRodr\u00edguez Veve traicion\u00f3 al movimiento conservador?<\/strong><\/h2>\n\n\n\n<blockquote class=\"wp-block-quote is-layout-flow wp-block-quote-is-layout-flow\">\n<p>La respuesta es&nbsp;<strong>no, el proyecto 297 y la ahora ley 122 no traiciona la agenda provida en la isla.<\/strong><\/p>\n<\/blockquote>\n\n\n\n<div style=\"height:20px\" aria-hidden=\"true\" class=\"wp-block-spacer\"><\/div>\n\n\n\n<p>Lo que ha ocurri\u00f3 tras bastidores entre Burgos y Rodriguez Veve lo saben ellas. Lo que si est\u00e1 claro es que el proyecto 297 y ahora <a href=\"https:\/\/sutra.oslpr.org\/prontuarios\/leyes-aprobadas\/153505\" target=\"_blank\" rel=\"noopener\"><strong>ley 122<\/strong><\/a>, no presenta una traici\u00f3n al movimiento provida, sino una&nbsp;<strong>divergencia de interpretaci\u00f3n<\/strong>&nbsp;sobre un tema que exige conocimiento t\u00e9cnico, prudencia pol\u00edtica y rigor \u00e9tico. Rodr\u00edguez Veve no \u201caval\u00f3\u201d la pr\u00e1ctica del aborto en Puerto Rico; m\u00e1s bien,&nbsp;<strong>su proyecto ha hecho m\u00e1s dif\u00edcil que las menores de edad accedan al aborto sin un debido escrutinio de su situaci\u00f3n<\/strong>.<\/p>\n\n\n\n<div style=\"height:20px\" aria-hidden=\"true\" class=\"wp-block-spacer\"><\/div>\n\n\n\n<p>Veve trabaj\u00f3 dentro de los l\u00edmites que el marco jur\u00eddico actual permite, y eso, aunque frustrante para algunos sectores, no equivale a renunciar a la causa provida. Culparla de haber \u201ctraicionado\u201d al movimiento conservador es&nbsp;<strong>desconocer la realidad constitucional del pa\u00eds<\/strong>&nbsp;y termina arrojando fango sobre la persona que, por a\u00f1os, puso al&nbsp;<strong>Partido Dignidad<\/strong>&nbsp;en el mapa pol\u00edtico de Puerto Rico.<\/p>\n\n\n\n<div style=\"height:20px\" aria-hidden=\"true\" class=\"wp-block-spacer\"><\/div>\n\n\n\n<p>Es cierto que su distanciamiento de la base del partido se ha hecho evidente, pero eso no la convierte en enemiga de la causa. Despu\u00e9s de todo, ser\u00eda profundamente ir\u00f3nico que quienes buscan defender la dignidad de toda vida humana terminen&nbsp;<strong>asesinando el car\u00e1cter<\/strong>&nbsp;de quien defendi\u00f3 esa misma causa con tanto ah\u00ednco durante los \u00faltimos cinco a\u00f1os.<\/p>","protected":false},"excerpt":{"rendered":"<p>Hay fuego en las trincheras conservadoras puertorrique\u00f1as. La que fue considerada\u00a0la paladina de la causa provida,\u00a0Joanne Rodr\u00edguez Veve, recientemente rompi\u00f3 su v\u00ednculo con el partido que le abri\u00f3 las puertas de la legislatura:\u00a0Proyecto Dignidad. Y en medio de ese sismo pol\u00edtico, surgieron m\u00faltiples voces dentro del movimiento provida que criticaron el que fuera su\u00a0\u00faltimo proyecto legislativo\u00a0bajo esa insignia: el\u00a0Proyecto del Senado 297.<\/p>","protected":false},"author":1,"featured_media":4121,"comment_status":"open","ping_status":"open","sticky":false,"template":"","format":"standard","meta":{"_uag_custom_page_level_css":"","site-sidebar-layout":"default","site-content-layout":"","ast-site-content-layout":"default","site-content-style":"default","site-sidebar-style":"default","ast-global-header-display":"","ast-banner-title-visibility":"","ast-main-header-display":"","ast-hfb-above-header-display":"","ast-hfb-below-header-display":"","ast-hfb-mobile-header-display":"","site-post-title":"","ast-breadcrumbs-content":"","ast-featured-img":"","footer-sml-layout":"","ast-disable-related-posts":"","theme-transparent-header-meta":"","adv-header-id-meta":"","stick-header-meta":"","header-above-stick-meta":"","header-main-stick-meta":"","header-below-stick-meta":"","astra-migrate-meta-layouts":"set","ast-page-background-enabled":"default","ast-page-background-meta":{"desktop":{"background-color":"var(--ast-global-color-4)","background-image":"","background-repeat":"repeat","background-position":"center center","background-size":"auto","background-attachment":"scroll","background-type":"","background-media":"","overlay-type":"","overlay-color":"","overlay-opacity":"","overlay-gradient":""},"tablet":{"background-color":"","background-image":"","background-repeat":"repeat","background-position":"center center","background-size":"auto","background-attachment":"scroll","background-type":"","background-media":"","overlay-type":"","overlay-color":"","overlay-opacity":"","overlay-gradient":""},"mobile":{"background-color":"","background-image":"","background-repeat":"repeat","background-position":"center center","background-size":"auto","background-attachment":"scroll","background-type":"","background-media":"","overlay-type":"","overlay-color":"","overlay-opacity":"","overlay-gradient":""}},"ast-content-background-meta":{"desktop":{"background-color":"var(--ast-global-color-5)","background-image":"","background-repeat":"repeat","background-position":"center center","background-size":"auto","background-attachment":"scroll","background-type":"","background-media":"","overlay-type":"","overlay-color":"","overlay-opacity":"","overlay-gradient":""},"tablet":{"background-color":"var(--ast-global-color-5)","background-image":"","background-repeat":"repeat","background-position":"center center","background-size":"auto","background-attachment":"scroll","background-type":"","background-media":"","overlay-type":"","overlay-color":"","overlay-opacity":"","overlay-gradient":""},"mobile":{"background-color":"var(--ast-global-color-5)","background-image":"","background-repeat":"repeat","background-position":"center center","background-size":"auto","background-attachment":"scroll","background-type":"","background-media":"","overlay-type":"","overlay-color":"","overlay-opacity":"","overlay-gradient":""}},"_jetpack_memberships_contains_paid_content":false,"footnotes":"","jetpack_publicize_message":"","jetpack_publicize_feature_enabled":true,"jetpack_social_post_already_shared":true,"jetpack_social_options":{"image_generator_settings":{"template":"highway","default_image_id":0,"font":"","enabled":false},"version":2}},"categories":[14,11],"tags":[68],"class_list":["post-4115","post","type-post","status-publish","format-standard","has-post-thumbnail","hentry","category-salud","category-inicio-de-la-vida","tag-aborto"],"jetpack_publicize_connections":[],"jetpack_featured_media_url":"https:\/\/i0.wp.com\/bioetica.net\/wp-content\/uploads\/2025\/11\/75564323-83D6-4F90-877C-4F7CBA781EC2.png?fit=1536%2C1024&ssl=1","uagb_featured_image_src":{"full":["https:\/\/i0.wp.com\/bioetica.net\/wp-content\/uploads\/2025\/11\/75564323-83D6-4F90-877C-4F7CBA781EC2.png?fit=1536%2C1024&ssl=1",1536,1024,false],"thumbnail":["https:\/\/i0.wp.com\/bioetica.net\/wp-content\/uploads\/2025\/11\/75564323-83D6-4F90-877C-4F7CBA781EC2.png?resize=150%2C150&ssl=1",150,150,true],"medium":["https:\/\/i0.wp.com\/bioetica.net\/wp-content\/uploads\/2025\/11\/75564323-83D6-4F90-877C-4F7CBA781EC2.png?fit=300%2C200&ssl=1",300,200,true],"medium_large":["https:\/\/i0.wp.com\/bioetica.net\/wp-content\/uploads\/2025\/11\/75564323-83D6-4F90-877C-4F7CBA781EC2.png?fit=768%2C512&ssl=1",768,512,true],"large":["https:\/\/i0.wp.com\/bioetica.net\/wp-content\/uploads\/2025\/11\/75564323-83D6-4F90-877C-4F7CBA781EC2.png?fit=1024%2C683&ssl=1",1024,683,true],"1536x1536":["https:\/\/i0.wp.com\/bioetica.net\/wp-content\/uploads\/2025\/11\/75564323-83D6-4F90-877C-4F7CBA781EC2.png?fit=1536%2C1024&ssl=1",1536,1024,true],"2048x2048":["https:\/\/i0.wp.com\/bioetica.net\/wp-content\/uploads\/2025\/11\/75564323-83D6-4F90-877C-4F7CBA781EC2.png?fit=1536%2C1024&ssl=1",1536,1024,true],"trp-custom-language-flag":["https:\/\/i0.wp.com\/bioetica.net\/wp-content\/uploads\/2025\/11\/75564323-83D6-4F90-877C-4F7CBA781EC2.png?fit=18%2C12&ssl=1",18,12,true],"woocommerce_thumbnail":["https:\/\/i0.wp.com\/bioetica.net\/wp-content\/uploads\/2025\/11\/75564323-83D6-4F90-877C-4F7CBA781EC2.png?resize=300%2C300&ssl=1",300,300,true],"woocommerce_single":["https:\/\/i0.wp.com\/bioetica.net\/wp-content\/uploads\/2025\/11\/75564323-83D6-4F90-877C-4F7CBA781EC2.png?fit=600%2C400&ssl=1",600,400,true],"woocommerce_gallery_thumbnail":["https:\/\/i0.wp.com\/bioetica.net\/wp-content\/uploads\/2025\/11\/75564323-83D6-4F90-877C-4F7CBA781EC2.png?resize=100%2C100&ssl=1",100,100,true]},"uagb_author_info":{"display_name":"Samuel Luis Caraballo","author_link":"https:\/\/bioetica.net\/en\/author\/caraballo-samuelgmail-com\/"},"uagb_comment_info":25,"uagb_excerpt":"Hay fuego en las trincheras conservadoras puertorrique\u00f1as. La que fue considerada\u00a0la paladina de la causa provida,\u00a0Joanne Rodr\u00edguez Veve, recientemente rompi\u00f3 su v\u00ednculo con el partido que le abri\u00f3 las puertas de la legislatura:\u00a0Proyecto Dignidad. Y en medio de ese sismo pol\u00edtico, surgieron m\u00faltiples voces dentro del movimiento provida que criticaron el que fuera su\u00a0\u00faltimo proyecto&hellip;","jetpack_sharing_enabled":true,"jetpack_likes_enabled":true,"_links":{"self":[{"href":"https:\/\/bioetica.net\/en\/wp-json\/wp\/v2\/posts\/4115","targetHints":{"allow":["GET"]}}],"collection":[{"href":"https:\/\/bioetica.net\/en\/wp-json\/wp\/v2\/posts"}],"about":[{"href":"https:\/\/bioetica.net\/en\/wp-json\/wp\/v2\/types\/post"}],"author":[{"embeddable":true,"href":"https:\/\/bioetica.net\/en\/wp-json\/wp\/v2\/users\/1"}],"replies":[{"embeddable":true,"href":"https:\/\/bioetica.net\/en\/wp-json\/wp\/v2\/comments?post=4115"}],"version-history":[{"count":27,"href":"https:\/\/bioetica.net\/en\/wp-json\/wp\/v2\/posts\/4115\/revisions"}],"predecessor-version":[{"id":4154,"href":"https:\/\/bioetica.net\/en\/wp-json\/wp\/v2\/posts\/4115\/revisions\/4154"}],"wp:featuredmedia":[{"embeddable":true,"href":"https:\/\/bioetica.net\/en\/wp-json\/wp\/v2\/media\/4121"}],"wp:attachment":[{"href":"https:\/\/bioetica.net\/en\/wp-json\/wp\/v2\/media?parent=4115"}],"wp:term":[{"taxonomy":"category","embeddable":true,"href":"https:\/\/bioetica.net\/en\/wp-json\/wp\/v2\/categories?post=4115"},{"taxonomy":"post_tag","embeddable":true,"href":"https:\/\/bioetica.net\/en\/wp-json\/wp\/v2\/tags?post=4115"}],"curies":[{"name":"wp","href":"https:\/\/api.w.org\/{rel}","templated":true}]}}